{"id":599240,"date":"2025-12-14T18:53:24","date_gmt":"2025-12-14T18:53:24","guid":{"rendered":"https:\/\/www.europesays.com\/fr\/599240\/"},"modified":"2025-12-14T18:53:24","modified_gmt":"2025-12-14T18:53:24","slug":"lyon-7e-le-cafe-moka-est-pret-pour-son-premier-hiver","status":"publish","type":"post","link":"https:\/\/www.europesays.com\/fr\/599240\/","title":{"rendered":"Lyon 7e. Le caf\u00e9 Moka est pr\u00eat pour son premier hiver"},"content":{"rendered":"<p>Accompagn\u00e9 d\u2019un fond de musique douce et d\u2019odeurs de caf\u00e9, Maxime Ducollet accueille chaleureusement les passants dans le caf\u00e9 Moka, tout en pr\u00e9parant un caf\u00e9 latte derri\u00e8re le comptoir. Devant lui, les b\u00fbchettes de No\u00ebl, pr\u00e9par\u00e9es par Enzo Boulmier en cuisine, occupent une nouvelle place dans la vitrine.<\/p>\n<p>Situ\u00e9 place Saint-Louis, dans le 7e arrondissement, l\u2019\u00e9tablissement met \u00e0 l\u2019honneur le savoir-faire de l\u2019\u00e9quipe. \u00ab\u00a0C\u2019est le plus important, on ne fait que du fait maison\u00a0\u00bb, souligne Maxime,&#8230;<\/p>\n","protected":false},"excerpt":{"rendered":"Accompagn\u00e9 d\u2019un fond de musique douce et d\u2019odeurs de caf\u00e9, Maxime Ducollet accueille chaleureusement les passants dans le&hellip;\n","protected":false},"author":2,"featured_media":599241,"comment_status":"","ping_status":"","sticky":false,"template":"","format":"standard","meta":{"footnotes":""},"categories":[1889],"tags":[1111,11,2430,1687,2757,1777,674,1011,27,2428,5947,5946,12,25],"class_list":{"0":"post-599240","1":"post","2":"type-post","3":"status-publish","4":"format-standard","5":"has-post-thumbnail","7":"category-lyon","8":"tag-actu","9":"tag-actualites","10":"tag-auvergne-rhone-alpes","11":"tag-culture-loisirs","12":"tag-edition-lyon-villeurbanne","13":"tag-eu","14":"tag-europe","15":"tag-fr","16":"tag-france","17":"tag-lyon","18":"tag-lyon-7e","19":"tag-lyon-7e-arrondissement","20":"tag-news","21":"tag-republique-francaise"},"share_on_mastodon":{"url":"https:\/\/pubeurope.com\/@fr\/115719438521501161","error":""},"_links":{"self":[{"href":"https:\/\/www.europesays.com\/fr\/wp-json\/wp\/v2\/posts\/599240","targetHints":{"allow":["GET"]}}],"collection":[{"href":"https:\/\/www.europesays.com\/fr\/wp-json\/wp\/v2\/posts"}],"about":[{"href":"https:\/\/www.europesays.com\/fr\/wp-json\/wp\/v2\/types\/post"}],"author":[{"embeddable":true,"href":"https:\/\/www.europesays.com\/fr\/wp-json\/wp\/v2\/users\/2"}],"replies":[{"embeddable":true,"href":"https:\/\/www.europesays.com\/fr\/wp-json\/wp\/v2\/comments?post=599240"}],"version-history":[{"count":0,"href":"https:\/\/www.europesays.com\/fr\/wp-json\/wp\/v2\/posts\/599240\/revisions"}],"wp:featuredmedia":[{"embeddable":true,"href":"https:\/\/www.europesays.com\/fr\/wp-json\/wp\/v2\/media\/599241"}],"wp:attachment":[{"href":"https:\/\/www.europesays.com\/fr\/wp-json\/wp\/v2\/media?parent=599240"}],"wp:term":[{"taxonomy":"category","embeddable":true,"href":"https:\/\/www.europesays.com\/fr\/wp-json\/wp\/v2\/categories?post=599240"},{"taxonomy":"post_tag","embeddable":true,"href":"https:\/\/www.europesays.com\/fr\/wp-json\/wp\/v2\/tags?post=599240"}],"curies":[{"name":"wp","href":"https:\/\/api.w.org\/{rel}","templated":true}]}}