{"id":599242,"date":"2025-12-14T18:55:19","date_gmt":"2025-12-14T18:55:19","guid":{"rendered":"https:\/\/www.europesays.com\/fr\/599242\/"},"modified":"2025-12-14T18:55:19","modified_gmt":"2025-12-14T18:55:19","slug":"immobilier-en-ile-de-france-volumes-en-hausse-et-prix-stables-au-3e-trimestre-2025-actual-immo","status":"publish","type":"post","link":"https:\/\/www.europesays.com\/fr\/599242\/","title":{"rendered":"Immobilier en \u00cele-de-France : volumes en hausse et prix stables au 3e trimestre 2025 &#8211; Actual Immo"},"content":{"rendered":"<p>Le march\u00e9 immobilier francilien montre enfin des signaux positifs : les ventes repartent nettement et les prix se stabilisent. Une \u00e9volution qui pourrait cr\u00e9er de nouvelles opportunit\u00e9s pour les acheteurs en 2026, malgr\u00e9 un climat financier et politique encore difficile \u00e0 lire.<\/p>\n<p>Reprise du march\u00e9 immobilier francilien au 3e trimestre 2025<\/p>\n<p>Une augmentation marqu\u00e9e des ventes<\/p>\n<p>Les ventes de logements repartent nettement \u00e0 la hausse en \u00cele-de-France. Vous observez une hausse sensible des transactions, avec un volume qui se rapproche progressivement des niveaux d\u2019avant-crise. Cette dynamique confirme une reprise amorc\u00e9e depuis le d\u00e9but de l\u2019ann\u00e9e.<\/p>\n<p>Les appartements enregistrent un regain d\u2019int\u00e9r\u00eat, port\u00e9 par des acheteurs qui reviennent prudemment sur le march\u00e9. La Grande Couronne reste particuli\u00e8rement attractive gr\u00e2ce \u00e0 un rapport surface-prix plus avantageux.<\/p>\n<p>La dynamique diff\u00e9rente entre appartements et maisons<\/p>\n<p>Le march\u00e9 des maisons affiche une progression encore plus marqu\u00e9e que celui des appartements. Leur attractivit\u00e9 repose sur l\u2019espace, un crit\u00e8re toujours prioritaire depuis la crise sanitaire. Les familles privil\u00e9gient la Grande Couronne pour acc\u00e9der \u00e0 des biens plus grands.<\/p>\n<p>La Petite Couronne retrouve elle aussi une certaine fluidit\u00e9, m\u00eame si les prix plus \u00e9lev\u00e9s limitent encore certains arbitrages. Les ventes progressent n\u00e9anmoins dans des proportions significatives.<\/p>\n<p>Des prix globalement stabilis\u00e9s malgr\u00e9 des \u00e9carts selon les zones<\/p>\n<p>Appartements l\u00e9g\u00e8re hausse et retour d\u2019activit\u00e9 \u00e0 Paris<\/p>\n<p>Les prix des appartements montrent une l\u00e9g\u00e8re progression, preuve d\u2019un march\u00e9 qui retrouve de la stabilit\u00e9. Paris enregistre un niveau moyen autour de 9 700 \u20ac le m\u00b2, avec de fortes variations entre arrondissements. Cette tendance reste mod\u00e9r\u00e9e mais traduit une reprise r\u00e9elle.<\/p>\n<p>La Petite Couronne b\u00e9n\u00e9ficie d\u2019une accalmie des prix, ce qui restaure un pouvoir d\u2019achat local. Les acheteurs se projettent plus facilement, et les ventes gagnent en fluidit\u00e9. La dynamique reste prudente, mais elle s\u2019installe durablement.<\/p>\n<p>Maisons correction en Petite Couronne et reprise attendue en 2026<\/p>\n<p>Les maisons enregistrent une l\u00e9g\u00e8re baisse des prix, notamment en Petite Couronne. Cette correction reste contenue et permet \u00e0 certains m\u00e9nages de revenir sur des secteurs auparavant jug\u00e9s trop chers. Le march\u00e9 reste attentif aux \u00e9volutions \u00e9conomiques.<\/p>\n<p>En Grande Couronne, les prix devraient repartir \u00e0 la hausse d\u00e9but 2026. La demande reste soutenue pour les biens familiaux offrant jardin et superficie sup\u00e9rieure. Les acheteurs anticipent des conditions de march\u00e9 plus favorables.<\/p>\n<p>Une visibilit\u00e9 r\u00e9duite pour les acteurs du march\u00e9<\/p>\n<p>Environnement financier instable et retrait des investisseurs<\/p>\n<p>Le march\u00e9 \u00e9volue dans un climat financier peu lisible. Les conditions de cr\u00e9dit restent contraignantes pour une partie des m\u00e9nages, ce qui limite l\u2019acc\u00e8s \u00e0 la propri\u00e9t\u00e9. Les acheteurs avancent prudemment et ajustent leurs projets au contexte.<\/p>\n<p>Les investisseurs, eux, demeurent en retrait. La fin du dispositif Pinel et les incertitudes fiscales freinent nettement leurs arbitrages. Le march\u00e9 reste donc principalement anim\u00e9 par les acqu\u00e9reurs de r\u00e9sidence principale.<\/p>\n<p>Quel sc\u00e9nario pour 2026<\/p>\n<p>Les tendances actuelles laissent entrevoir un march\u00e9 plus fluide d\u00e9but 2026. La stabilisation des prix pourrait redonner confiance aux acheteurs, m\u00eame si la visibilit\u00e9 reste r\u00e9duite. Les perspectives d\u00e9pendront en grande partie des orientations \u00e9conomiques.<\/p>\n<p>Si les volumes continuent \u00e0 progresser, l\u2019\u00cele-de-France pourrait franchir un nouveau cap. Les ajustements observ\u00e9s pourraient alors servir de base \u00e0 un cycle de reprise plus solide. Les acteurs restent toutefois attentifs aux signaux de l\u2019environnement politique.<\/p>\n","protected":false},"excerpt":{"rendered":"Le march\u00e9 immobilier francilien montre enfin des signaux positifs : les ventes repartent nettement et les prix se&hellip;\n","protected":false},"author":2,"featured_media":599243,"comment_status":"","ping_status":"","sticky":false,"template":"","format":"standard","meta":{"footnotes":""},"categories":[1592],"tags":[1111,11,1777,674,1011,27,662,2140,12,626,5188,25,71173],"class_list":{"0":"post-599242","1":"post","2":"type-post","3":"status-publish","4":"format-standard","5":"has-post-thumbnail","7":"category-ile-de-france","8":"tag-actu","9":"tag-actualites","10":"tag-eu","11":"tag-europe","12":"tag-fr","13":"tag-france","14":"tag-ile-de-france","15":"tag-marche-immobilier","16":"tag-news","17":"tag-paris","18":"tag-prix-immobilier","19":"tag-republique-francaise","20":"tag-tendance-immobiliere"},"share_on_mastodon":{"url":"https:\/\/pubeurope.com\/@fr\/115719446488818208","error":""},"_links":{"self":[{"href":"https:\/\/www.europesays.com\/fr\/wp-json\/wp\/v2\/posts\/599242","targetHints":{"allow":["GET"]}}],"collection":[{"href":"https:\/\/www.europesays.com\/fr\/wp-json\/wp\/v2\/posts"}],"about":[{"href":"https:\/\/www.europesays.com\/fr\/wp-json\/wp\/v2\/types\/post"}],"author":[{"embeddable":true,"href":"https:\/\/www.europesays.com\/fr\/wp-json\/wp\/v2\/users\/2"}],"replies":[{"embeddable":true,"href":"https:\/\/www.europesays.com\/fr\/wp-json\/wp\/v2\/comments?post=599242"}],"version-history":[{"count":0,"href":"https:\/\/www.europesays.com\/fr\/wp-json\/wp\/v2\/posts\/599242\/revisions"}],"wp:featuredmedia":[{"embeddable":true,"href":"https:\/\/www.europesays.com\/fr\/wp-json\/wp\/v2\/media\/599243"}],"wp:attachment":[{"href":"https:\/\/www.europesays.com\/fr\/wp-json\/wp\/v2\/media?parent=599242"}],"wp:term":[{"taxonomy":"category","embeddable":true,"href":"https:\/\/www.europesays.com\/fr\/wp-json\/wp\/v2\/categories?post=599242"},{"taxonomy":"post_tag","embeddable":true,"href":"https:\/\/www.europesays.com\/fr\/wp-json\/wp\/v2\/tags?post=599242"}],"curies":[{"name":"wp","href":"https:\/\/api.w.org\/{rel}","templated":true}]}}