{"id":599244,"date":"2025-12-14T18:56:13","date_gmt":"2025-12-14T18:56:13","guid":{"rendered":"https:\/\/www.europesays.com\/fr\/599244\/"},"modified":"2025-12-14T18:56:13","modified_gmt":"2025-12-14T18:56:13","slug":"lactualite-vue-par-abc-et-fox-news-deux-ameriques-aux-antipodes-en-prime-time","status":"publish","type":"post","link":"https:\/\/www.europesays.com\/fr\/599244\/","title":{"rendered":"L\u2019actualit\u00e9 vue par ABC et Fox News, deux Am\u00e9riques aux antipodes en prime time"},"content":{"rendered":"<p>                     <img loading=\"lazy\" decoding=\"async\" src=\"https:\/\/www.europesays.com\/fr\/wp-content\/uploads\/2025\/12\/fb601bd_ftp-1-27ccr27bfo6z-409021-3450038.jpg\" alt=\"\"   width=\"664\" height=\"443\"\/>      SIMON LANDREIN POUR M LE MAGAZINE DU MONDE                 <\/p>\n<p class=\"article__paragraph  \">Mercredi 3\u00a0d\u00e9cembre, 18\u00a0h\u00a030, sur la C\u00f4te est am\u00e9ricaine, David Muir ouvre le journal t\u00e9l\u00e9vis\u00e9 le plus regard\u00e9 des Etats-Unis \u2013 \u00ab\u00a0ABC World News Tonight\u00a0\u00bb \u2013 sur <a href=\"https:\/\/www.lemonde.fr\/international\/article\/2025\/12\/05\/au-pentagone-pete-hegseth-dans-la-tourmente-des-accusations-d-assassinats-extrajudiciaires-au-signalgate_6656056_3210.html\" target=\"_blank\" rel=\"noopener\">deux dossiers impliquant le patron du Pentagone, Pete Hegseth<\/a>. Le premier traite des suites d\u2019une affaire r\u00e9v\u00e9l\u00e9e par le journaliste de The Atlantic Jeffrey Goldberg, qui avait \u00e9t\u00e9 \u00ab\u00a0ajout\u00e9 accidentellement\u00a0\u00bb en mars \u00e0 un groupe priv\u00e9 sur la messagerie Signal, dans lequel le ministre de la d\u00e9fense avait discut\u00e9 de frappes de l\u2019arm\u00e9e am\u00e9ricaine au Y\u00e9men. La conversation r\u00e9unissait aussi \u00ab\u00a0des coll\u00e8gues du gouvernement et [la] femme [de Pete Hegseth], qui n\u2019est pas une employ\u00e9e du gouvernement\u00a0\u00bb.<\/p>\n<p class=\"article__paragraph  \">Martha Raddatz, 72\u00a0ans, journaliste aguerrie, sp\u00e9cialiste des affaires diplomatiques et militaires d\u2019ABC, la cha\u00eene g\u00e9n\u00e9raliste appartenant \u00e0 Disney, rappelle que Hegseth avait alors rejet\u00e9 la faute sur les m\u00e9dias, les accusant de \u00ab\u00a0[prendre] des sources anonymes, venues d\u2019anciens employ\u00e9s m\u00e9contents, et [d\u2019essayer] ensuite de casser des gens et de ruiner leur r\u00e9putation\u00a0\u00bb.<\/p>\n<p class=\"article__paragraph  \">Elle s\u2019attarde sur les conclusions de l\u2019inspection g\u00e9n\u00e9rale du Pentagone, organisme ind\u00e9pendant, qui estime que \u00ab\u00a0tomb\u00e9es en des mains ennemies\u00a0\u00bb, ces informations auraient mis les forces arm\u00e9es am\u00e9ricaines en danger. ABC mentionne \u00e9galement le porte-parole du minist\u00e8re de la d\u00e9fense, qui voit dans ce rapport une \u00ab\u00a0exon\u00e9ration compl\u00e8te\u00a0\u00bb de Pete Hegseth.<\/p>\n<p class=\"reading-mode-only \"><strong>Il vous reste 85.29% de cet article \u00e0 lire. La suite est r\u00e9serv\u00e9e aux abonn\u00e9s.<\/strong><\/p>\n","protected":false},"excerpt":{"rendered":"SIMON LANDREIN POUR M LE MAGAZINE DU MONDE Mercredi 3\u00a0d\u00e9cembre, 18\u00a0h\u00a030, sur la C\u00f4te est am\u00e9ricaine, David Muir&hellip;\n","protected":false},"author":2,"featured_media":599245,"comment_status":"","ping_status":"","sticky":false,"template":"","format":"standard","meta":{"footnotes":""},"categories":[1888],"tags":[1111,1928,11,1927,1777,674,1011,27,12,1926,626,1925,25],"class_list":{"0":"post-599244","1":"post","2":"type-post","3":"status-publish","4":"format-standard","5":"has-post-thumbnail","7":"category-paris","8":"tag-actu","9":"tag-actu-paris","10":"tag-actualites","11":"tag-actualites-paris","12":"tag-eu","13":"tag-europe","14":"tag-fr","15":"tag-france","16":"tag-news","17":"tag-news-paris","18":"tag-paris","19":"tag-paris-news","20":"tag-republique-francaise"},"share_on_mastodon":{"url":"https:\/\/pubeurope.com\/@fr\/115719451429573080","error":""},"_links":{"self":[{"href":"https:\/\/www.europesays.com\/fr\/wp-json\/wp\/v2\/posts\/599244","targetHints":{"allow":["GET"]}}],"collection":[{"href":"https:\/\/www.europesays.com\/fr\/wp-json\/wp\/v2\/posts"}],"about":[{"href":"https:\/\/www.europesays.com\/fr\/wp-json\/wp\/v2\/types\/post"}],"author":[{"embeddable":true,"href":"https:\/\/www.europesays.com\/fr\/wp-json\/wp\/v2\/users\/2"}],"replies":[{"embeddable":true,"href":"https:\/\/www.europesays.com\/fr\/wp-json\/wp\/v2\/comments?post=599244"}],"version-history":[{"count":0,"href":"https:\/\/www.europesays.com\/fr\/wp-json\/wp\/v2\/posts\/599244\/revisions"}],"wp:featuredmedia":[{"embeddable":true,"href":"https:\/\/www.europesays.com\/fr\/wp-json\/wp\/v2\/media\/599245"}],"wp:attachment":[{"href":"https:\/\/www.europesays.com\/fr\/wp-json\/wp\/v2\/media?parent=599244"}],"wp:term":[{"taxonomy":"category","embeddable":true,"href":"https:\/\/www.europesays.com\/fr\/wp-json\/wp\/v2\/categories?post=599244"},{"taxonomy":"post_tag","embeddable":true,"href":"https:\/\/www.europesays.com\/fr\/wp-json\/wp\/v2\/tags?post=599244"}],"curies":[{"name":"wp","href":"https:\/\/api.w.org\/{rel}","templated":true}]}}