{"id":599246,"date":"2025-12-14T18:57:11","date_gmt":"2025-12-14T18:57:11","guid":{"rendered":"https:\/\/www.europesays.com\/fr\/599246\/"},"modified":"2025-12-14T18:57:11","modified_gmt":"2025-12-14T18:57:11","slug":"pour-ma-vie-personnelle-je-suis-a-paris-nicolas-mathieu-evoque-ses-allers-retours-entre-la-capitale-et-les-vosges","status":"publish","type":"post","link":"https:\/\/www.europesays.com\/fr\/599246\/","title":{"rendered":"\u00ab\u00a0Pour ma vie personnelle, je suis \u00e0 Paris\u00a0\u00bb : Nicolas Mathieu \u00e9voque ses allers-retours entre la capitale et les Vosges"},"content":{"rendered":"<p class=\"mb-4 text-lg md:leading-8 break-words\">C\u2019est pour \u00ab\u00a0Le Parisien\u00a0\u00bb que Nicolas Mathieu a accept\u00e9 d\u2019en dire davantage sur sa vie, qui intrigue tant les lecteurs assidus de ses romans. Devenu le centre de l\u2019attention avec son ouvrage Leurs enfants apr\u00e8s eux, ce p\u00e8re de famille de 47 ans, natif des Vosges, se d\u00e9voile aupr\u00e8s de nos confr\u00e8res et explique les raisons principales qui le poussent \u00e0 revenir constamment \u00e0 Paris.<\/p>\n<p class=\"mb-4 text-lg md:leading-8 break-words\">\u00c9crivain fran\u00e7ais,<strong> Nicolas Mathieu<\/strong> voit ses romans rencontrer un v\u00e9ritable succ\u00e8s. En 2024, son livre Leurs enfants apr\u00e8s eux, Prix Goncourt 2018, a \u00e9t\u00e9 adapt\u00e9 au cin\u00e9ma. \u00c0 47 ans, celui dont le nom gagne en notori\u00e9t\u00e9<strong> a accept\u00e9 d\u2019en dire davantage sur sa vie priv\u00e9e,<\/strong> qui suscite de nombreuses interrogations. Il faut dire que Paris Match avait annonc\u00e9, en mars 2024, une idylle suppos\u00e9e entre le romancier et <a href=\"https:\/\/www.purepeople.com\/people\/charlotte-casiraghi_p1297\" rel=\"nofollow noopener\" target=\"_blank\" data-ylk=\"slk:Charlotte Casiraghi;elm:context_link;itc:0;sec:content-canvas\" class=\"link \">Charlotte Casiraghi<\/a>, <strong>de quoi alimenter la curiosit\u00e9 autour de la vie sentimentale <\/strong>de celui qui manie si bien les mots.<\/p>\n<p class=\"mb-4 text-lg md:leading-8 break-words\">Nicolas Mathieu m\u00e8ne une vie diff\u00e9rente \u00e0 Paris : \u00ab\u00a0C\u2019est l\u00e0 que tout se passe\u00a0\u00bb<\/p>\n<p class=\"mb-4 text-lg md:leading-8 break-words\">C\u2019est toujours pour Le Parisien que Nicolas Mathieu s\u2019est confi\u00e9, revenant sur <strong>son quotidien partag\u00e9 entre Paris et les Vosges<\/strong>, o\u00f9 il est n\u00e9. En 2001, \u00e0 seulement 21 ans, il a d\u00e9cid\u00e9 de rejoindre la capitale afin de \u00ab\u00a0conqu\u00e9rir Paris\u00a0\u00bb et de vivre pleinement le \u00ab\u00a0fantasme\u00a0\u00bb de celui qui finit par r\u00e9ussir \u00e0 vivre de sa passion. \u00ab\u00a0Je me suis install\u00e9 dans un studio de 26 m\u00b2, entre T\u00e9l\u00e9graphe et la porte des Lilas, dans le XXe arrondissement. J\u2019y ai v\u00e9cu huit ans. C\u2019est l\u00e0 que j\u2019ai \u00e9crit mon premier roman, celui qui, heureusement, n\u2019a jamais \u00e9t\u00e9 publi\u00e9 !\u00a0\u00bb, a-t-il confi\u00e9.<\/p>\n<p class=\"mb-4 text-lg md:leading-8 break-words\">\u00ab\u00a0Aujourd\u2019hui que je partage ma vie entre Paris et \u00c9pinal (Vosges), je fr\u00e9quente la rive gauche autant que la rive droite, ce qui n\u2019\u00e9tait pas du tout le cas quand j\u2019\u00e9tais plus jeune et d\u00e9sargent\u00e9\u00a0\u00bb, a poursuivi celui qui avait d\u00fb encha\u00eener les petits boulots alimentaires afin de subvenir \u00e0 ses besoins tout en poursuivant ses \u00e9tudes d\u2019histoire de l\u2019art \u00e0 l\u2019universit\u00e9 Paris-IV Sorbonne. Nicolas Mathieu affirme d\u00e9sormais <strong>vivre autant \u00e0 Paris que dans les Vosges<\/strong> et en dit davantage sur<strong> les raisons qui le poussent \u00e0 revenir r\u00e9guli\u00e8rement dans la capitale.<\/strong> \u00ab\u00a0Pour ma vie personnelle, voir mes amis, et pour ma vie professionnelle, je suis \u00e0 Paris. C\u2019est l\u00e0 que tout se passe, encore. Je suis heureux d\u2019y \u00eatre aussi parce que je vis la ville diff\u00e9remment, elle m\u2019est d\u00e9sormais plus favorable\u00a0\u00bb.<\/p>\n<p class=\"mb-4 text-lg md:leading-8 break-words\"><a href=\"https:\/\/fr.news.yahoo.com\/certains-parents-reconna%C3%AEtront-dit-nicolas-183700526.html\" data-ylk=\"slk:P\u00e8re d\u2019un gar\u00e7on de 12 ans pr\u00e9nomm\u00e9 Oscar;elm:context_link;itc:0;sec:content-canvas;outcm:mb_qualified_link;_E:mb_qualified_link;ct:story;\" class=\"link  yahoo-link\" target=\"_blank\" rel=\"noopener\">P\u00e8re d\u2019un gar\u00e7on de 12 ans pr\u00e9nomm\u00e9 Oscar<\/a>, Nicolas Mathieu a notamment particip\u00e9 au Festival du Livre de Paris en avril dernier,<strong> un \u00e9v\u00e9nement auquel a \u00e9galement assist\u00e9 Charlotte Casiraghi<\/strong>, passionn\u00e9e de litt\u00e9rature. <a href=\"https:\/\/fr.news.yahoo.com\/nicolas-mathieu-l%C3%A9crivain-star-admet-214900608.html\" data-ylk=\"slk:Celui qui a admis avoir &quot;us\u00e9 ses petites amies&quot;;elm:context_link;itc:0;sec:content-canvas;outcm:mb_qualified_link;_E:mb_qualified_link;ct:story;\" class=\"link  yahoo-link\" target=\"_blank\" rel=\"noopener\">Celui qui a admis avoir \u00ab\u00a0us\u00e9 ses petites amies\u00a0\u00bb <\/a>et \u00eatre <a href=\"https:\/\/fr.news.yahoo.com\/nicolas-mathieu-parle-rupture-m%C3%A8re-192400602.html\" data-ylk=\"slk:s\u00e9par\u00e9 de la m\u00e8re de son fils;elm:context_link;itc:0;sec:content-canvas;outcm:mb_qualified_link;_E:mb_qualified_link;ct:story;\" class=\"link  yahoo-link\" target=\"_blank\" rel=\"noopener\">s\u00e9par\u00e9 de la m\u00e8re de son fils<\/a>, avec laquelle il entretient toutefois de tr\u00e8s bons rapports, a \u00e9galement soulign\u00e9 que Paris \u00e9tait \u00ab\u00a0une ville cruelle pour ceux qui n\u2019ont pas les moyens\u00a0\u00bb.<\/p>\n<p class=\"mb-4 text-lg md:leading-8 break-words\"><a href=\"https:\/\/fr.news.yahoo.com\/nicolas-mathieu-tas-thune-l%C3%A9crivain-062000120.html\" data-ylk=\"slk:L\u2019\u00e9crivain a ainsi connu deux styles de vie tr\u00e8s diff\u00e9rents;elm:context_link;itc:0;sec:content-canvas;outcm:mb_qualified_link;_E:mb_qualified_link;ct:story;\" class=\"link  yahoo-link\" target=\"_blank\" rel=\"noopener\">L\u2019\u00e9crivain a ainsi connu deux styles de vie tr\u00e8s diff\u00e9rents<\/a>. Son succ\u00e8s, tout comme son amour des mots, lui ont permis d\u2019int\u00e9grer<strong> un milieu \u00e9loign\u00e9 de celui dans lequel il a grandi<\/strong>, l\u2019amenant \u00e0 faire de nouvelles rencontres. Mais Paris reste aussi pour lui un lieu o\u00f9 il peut<strong> laisser libre cours \u00e0 son art<\/strong> : \u00ab\u00a0Je ne lis pas forc\u00e9ment dans les caf\u00e9s, par contre, il m\u2019arrive souvent d\u2019y \u00e9crire, au Caf\u00e9 Central (VIIe), par exemple. Lorsque cela devient trop anxiog\u00e8ne d\u2019\u00e9crire \u00e0 mon bureau ou depuis mon lit, j\u2019aime \u00e9crire dans les caf\u00e9s parisiens\u00a0\u00bb.<\/p>\n<p class=\"mb-4 text-lg md:leading-8 break-words\">Au fil des interviews, Nicolas Mathieu continue ainsi de se d\u00e9voiler, laissant une fen\u00eatre ouverte sur sa vie \u00e0 celles et ceux qui souhaitent en savoir davantage sur celui qui s\u2019est impos\u00e9 comme<strong> une figure incontournable de la litt\u00e9rature fran\u00e7aise.<\/strong><\/p>\n<p class=\"mb-4 text-lg md:leading-8 break-words\"><a href=\"https:\/\/www.purepeople.com\/article\/pour-ma-vie-personnelle-je-suis-a-paris-nicolas-mathieu-evoque-ses-allers-retours-entre-la-capitale-et-les-vosges_a545566\/1\" rel=\"nofollow noopener\" target=\"_blank\" data-ylk=\"slk:Article original sur Purepeople;elm:context_link;itc:0;sec:content-canvas\" class=\"link \">Article original sur Purepeople<\/a><\/p>\n","protected":false},"excerpt":{"rendered":"C\u2019est pour \u00ab\u00a0Le Parisien\u00a0\u00bb que Nicolas Mathieu a accept\u00e9 d\u2019en dire davantage sur sa vie, qui intrigue tant&hellip;\n","protected":false},"author":2,"featured_media":599247,"comment_status":"","ping_status":"","sticky":false,"template":"","format":"standard","meta":{"footnotes":""},"categories":[1888],"tags":[1111,1928,11,1927,4549,71174,1777,674,1011,27,5553,12,1926,40269,626,1925,25,774],"class_list":{"0":"post-599246","1":"post","2":"type-post","3":"status-publish","4":"format-standard","5":"has-post-thumbnail","7":"category-paris","8":"tag-actu","9":"tag-actu-paris","10":"tag-actualites","11":"tag-actualites-paris","12":"tag-charlotte-casiraghi","13":"tag-etudes-dhistoire-de-lart","14":"tag-eu","15":"tag-europe","16":"tag-fr","17":"tag-france","18":"tag-le-parisien","19":"tag-news","20":"tag-news-paris","21":"tag-nicolas-mathieu","22":"tag-paris","23":"tag-paris-news","24":"tag-republique-francaise","25":"tag-vosges"},"share_on_mastodon":{"url":"https:\/\/pubeurope.com\/@fr\/115719454396953696","error":""},"_links":{"self":[{"href":"https:\/\/www.europesays.com\/fr\/wp-json\/wp\/v2\/posts\/599246","targetHints":{"allow":["GET"]}}],"collection":[{"href":"https:\/\/www.europesays.com\/fr\/wp-json\/wp\/v2\/posts"}],"about":[{"href":"https:\/\/www.europesays.com\/fr\/wp-json\/wp\/v2\/types\/post"}],"author":[{"embeddable":true,"href":"https:\/\/www.europesays.com\/fr\/wp-json\/wp\/v2\/users\/2"}],"replies":[{"embeddable":true,"href":"https:\/\/www.europesays.com\/fr\/wp-json\/wp\/v2\/comments?post=599246"}],"version-history":[{"count":0,"href":"https:\/\/www.europesays.com\/fr\/wp-json\/wp\/v2\/posts\/599246\/revisions"}],"wp:featuredmedia":[{"embeddable":true,"href":"https:\/\/www.europesays.com\/fr\/wp-json\/wp\/v2\/media\/599247"}],"wp:attachment":[{"href":"https:\/\/www.europesays.com\/fr\/wp-json\/wp\/v2\/media?parent=599246"}],"wp:term":[{"taxonomy":"category","embeddable":true,"href":"https:\/\/www.europesays.com\/fr\/wp-json\/wp\/v2\/categories?post=599246"},{"taxonomy":"post_tag","embeddable":true,"href":"https:\/\/www.europesays.com\/fr\/wp-json\/wp\/v2\/tags?post=599246"}],"curies":[{"name":"wp","href":"https:\/\/api.w.org\/{rel}","templated":true}]}}