{"id":59925,"date":"2025-04-28T18:45:08","date_gmt":"2025-04-28T18:45:08","guid":{"rendered":"https:\/\/www.europesays.com\/fr\/59925\/"},"modified":"2025-04-28T18:45:08","modified_gmt":"2025-04-28T18:45:08","slug":"les-taux-des-taxes-foncieres-naugmenteront-pas-cette-annee-a-beaulieu-sur-mer","status":"publish","type":"post","link":"https:\/\/www.europesays.com\/fr\/59925\/","title":{"rendered":"Les taux des taxes fonci\u00e8res n\u2019augmenteront pas cette ann\u00e9e \u00e0 Beaulieu-sur-Mer"},"content":{"rendered":"<p>Il n\u2019y aura pas d\u2019augmentation de la taxe fonci\u00e8re \u00e0 Beaulieu-sur-Mer. La commune a choisi de conserver ses taux.<\/p>\n<p>Pour rappel, les taux sur la propri\u00e9t\u00e9 b\u00e2tie sont de 22,52% et de 5,49% pour le foncier non b\u00e2ti. Quant aux r\u00e9sidences secondaires, elles sont tax\u00e9es \u00e0 hauteur de 11%.<\/p>\n<p>La municipalit\u00e9 garde le cap d\u2019une politique d\u2019investissement tr\u00e8s active, notamment au travers du p\u00f4le \u00e9ducatif et culturel qui pr\u00e9voit la construction d\u2019une \u00e9cole \u00e9l\u00e9mentaire, d\u2019une cr\u00e8che, d\u2019une m\u00e9diath\u00e8que et d\u2019un parking.<\/p>\n<p>Le budget 2025 a d\u2019ailleurs \u00e9t\u00e9 consolid\u00e9 \u00e0 hauteur de 33.895.000 euros et vot\u00e9 \u00e0 l\u2019unanimit\u00e9. Concernant les subventions, 200.000 euros ont \u00e9t\u00e9 allou\u00e9s aux diverses associations de la ville.<\/p>\n<p>La vente du presbyt\u00e8re financera le p\u00f4le \u00e9ducatif et culturel<\/p>\n<p>Autre sujet mis sur la table du conseil municipal: la vente du presbyt\u00e8re du 13 boulevard du Mar\u00e9chal Leclerc. D\u2019une surface totale de 450m\u00b2 \u2013 dont 230m\u00b2 de plancher sur trois niveaux et 220m\u00b2 de jardin, l\u2019immeuble n\u00e9cessite de gros travaux de remise en \u00e9tat.<\/p>\n<p>Vendu \u00e0 un commer\u00e7ant ni\u00e7ois, il a permis \u00e0 la Ville d\u2019encaisser un peu plus de 2,9 millions d\u2019euros. Une somme qui sera investie dans la cr\u00e9ation du p\u00f4le \u00e9ducatif et culturel.<\/p>\n","protected":false},"excerpt":{"rendered":"Il n\u2019y aura pas d\u2019augmentation de la taxe fonci\u00e8re \u00e0 Beaulieu-sur-Mer. La commune a choisi de conserver ses&hellip;\n","protected":false},"author":2,"featured_media":59926,"comment_status":"","ping_status":"","sticky":false,"template":"","format":"standard","meta":{"footnotes":""},"categories":[2819],"tags":[1111,11,1777,674,1011,27,12,2401,882,25,3366],"class_list":{"0":"post-59925","1":"post","2":"type-post","3":"status-publish","4":"format-standard","5":"has-post-thumbnail","7":"category-nice","8":"tag-actu","9":"tag-actualites","10":"tag-eu","11":"tag-europe","12":"tag-fr","13":"tag-france","14":"tag-news","15":"tag-nice","16":"tag-provence-alpes-cote-dazur","17":"tag-republique-francaise","18":"tag-vie-locale"},"share_on_mastodon":{"url":"https:\/\/pubeurope.com\/@fr\/114417075757330226","error":""},"_links":{"self":[{"href":"https:\/\/www.europesays.com\/fr\/wp-json\/wp\/v2\/posts\/59925","targetHints":{"allow":["GET"]}}],"collection":[{"href":"https:\/\/www.europesays.com\/fr\/wp-json\/wp\/v2\/posts"}],"about":[{"href":"https:\/\/www.europesays.com\/fr\/wp-json\/wp\/v2\/types\/post"}],"author":[{"embeddable":true,"href":"https:\/\/www.europesays.com\/fr\/wp-json\/wp\/v2\/users\/2"}],"replies":[{"embeddable":true,"href":"https:\/\/www.europesays.com\/fr\/wp-json\/wp\/v2\/comments?post=59925"}],"version-history":[{"count":0,"href":"https:\/\/www.europesays.com\/fr\/wp-json\/wp\/v2\/posts\/59925\/revisions"}],"wp:featuredmedia":[{"embeddable":true,"href":"https:\/\/www.europesays.com\/fr\/wp-json\/wp\/v2\/media\/59926"}],"wp:attachment":[{"href":"https:\/\/www.europesays.com\/fr\/wp-json\/wp\/v2\/media?parent=59925"}],"wp:term":[{"taxonomy":"category","embeddable":true,"href":"https:\/\/www.europesays.com\/fr\/wp-json\/wp\/v2\/categories?post=59925"},{"taxonomy":"post_tag","embeddable":true,"href":"https:\/\/www.europesays.com\/fr\/wp-json\/wp\/v2\/tags?post=59925"}],"curies":[{"name":"wp","href":"https:\/\/api.w.org\/{rel}","templated":true}]}}