{"id":599252,"date":"2025-12-14T19:00:17","date_gmt":"2025-12-14T19:00:17","guid":{"rendered":"https:\/\/www.europesays.com\/fr\/599252\/"},"modified":"2025-12-14T19:00:17","modified_gmt":"2025-12-14T19:00:17","slug":"la-chaine-internationale-allemande-deutsche-welle-declaree-indesirable-en-russie","status":"publish","type":"post","link":"https:\/\/www.europesays.com\/fr\/599252\/","title":{"rendered":"La cha\u00eene internationale allemande Deutsche Welle d\u00e9clar\u00e9e \u00ab\u00a0ind\u00e9sirable\u00a0\u00bb en Russie"},"content":{"rendered":"<p class=\"ap-StoryElement ap-StoryElement--mb ap-StoryText\">Dans un communiqu\u00e9 publi\u00e9 samedi sur Telegram, le gouvernement russe a d\u00e9clar\u00e9 que le bureau du procureur g\u00e9n\u00e9ral consid\u00e9rait d\u00e9sormais DW comme \u00ab\u00a0\u00e0 l&rsquo;avant-garde de la propagande hostile \u00e0 la Russie\u00a0\u00bb .<\/p>\n<p class=\"ap-StoryElement ap-StoryElement--mb ap-StoryText\">La directrice g\u00e9n\u00e9rale de DW, Barbara Massing, a quant \u00e0 elle critiqu\u00e9 le durcissement de la r\u00e9pression contre les m\u00e9dias libres par la justice russe.  \u00ab\u00a0La Russie peut nous qualifier d&rsquo;organisation ind\u00e9sirable, mais cela ne nous dissuadera pas. Cette derni\u00e8re tentative de museler les m\u00e9dias libres met en \u00e9vidence le m\u00e9pris flagrant du r\u00e9gime russe pour la libert\u00e9 de la presse et r\u00e9v\u00e8le sa peur de l&rsquo;information ind\u00e9pendante\u00a0\u00bb, a-t-elle r\u00e9agi dans un communiqu\u00e9.<\/p>\n","protected":false},"excerpt":{"rendered":"Dans un communiqu\u00e9 publi\u00e9 samedi sur Telegram, le gouvernement russe a d\u00e9clar\u00e9 que le bureau du procureur g\u00e9n\u00e9ral&hellip;\n","protected":false},"author":2,"featured_media":2837,"comment_status":"","ping_status":"","sticky":false,"template":"","format":"standard","meta":{"footnotes":""},"categories":[1591],"tags":[11,672,1887,3754,12,1885,1886,132],"class_list":{"0":"post-599252","1":"post","2":"type-post","3":"status-publish","4":"format-standard","5":"has-post-thumbnail","7":"category-russie","8":"tag-actualites","9":"tag-allemagne","10":"tag-federation-de-russie","11":"tag-media","12":"tag-news","13":"tag-russia","14":"tag-russian-federation","15":"tag-russie"},"share_on_mastodon":{"url":"https:\/\/pubeurope.com\/@fr\/115719466102188807","error":""},"_links":{"self":[{"href":"https:\/\/www.europesays.com\/fr\/wp-json\/wp\/v2\/posts\/599252","targetHints":{"allow":["GET"]}}],"collection":[{"href":"https:\/\/www.europesays.com\/fr\/wp-json\/wp\/v2\/posts"}],"about":[{"href":"https:\/\/www.europesays.com\/fr\/wp-json\/wp\/v2\/types\/post"}],"author":[{"embeddable":true,"href":"https:\/\/www.europesays.com\/fr\/wp-json\/wp\/v2\/users\/2"}],"replies":[{"embeddable":true,"href":"https:\/\/www.europesays.com\/fr\/wp-json\/wp\/v2\/comments?post=599252"}],"version-history":[{"count":0,"href":"https:\/\/www.europesays.com\/fr\/wp-json\/wp\/v2\/posts\/599252\/revisions"}],"wp:featuredmedia":[{"embeddable":true,"href":"https:\/\/www.europesays.com\/fr\/wp-json\/wp\/v2\/media\/2837"}],"wp:attachment":[{"href":"https:\/\/www.europesays.com\/fr\/wp-json\/wp\/v2\/media?parent=599252"}],"wp:term":[{"taxonomy":"category","embeddable":true,"href":"https:\/\/www.europesays.com\/fr\/wp-json\/wp\/v2\/categories?post=599252"},{"taxonomy":"post_tag","embeddable":true,"href":"https:\/\/www.europesays.com\/fr\/wp-json\/wp\/v2\/tags?post=599252"}],"curies":[{"name":"wp","href":"https:\/\/api.w.org\/{rel}","templated":true}]}}