{"id":599259,"date":"2025-12-14T19:05:17","date_gmt":"2025-12-14T19:05:17","guid":{"rendered":"https:\/\/www.europesays.com\/fr\/599259\/"},"modified":"2025-12-14T19:05:17","modified_gmt":"2025-12-14T19:05:17","slug":"un-attentat-islamiste-visant-un-marche-de-noel-dejoue-en-baviere","status":"publish","type":"post","link":"https:\/\/www.europesays.com\/fr\/599259\/","title":{"rendered":"un attentat islamiste visant un march\u00e9 de No\u00ebl d\u00e9jou\u00e9 en Bavi\u00e8re"},"content":{"rendered":"<p>L\u2019Allemagne a une nouvelle fois \u00e9chapp\u00e9 au pire. Les autorit\u00e9s ont annonc\u00e9 samedi 13 d\u00e9cembre l\u2019arrestation de cinq hommes soup\u00e7onn\u00e9s de pr\u00e9parer un attentat \u00e0 la voiture-b\u00e9lier visant un march\u00e9 de No\u00ebl en Bavi\u00e8re, dans le sud du pays. Tous ont \u00e9t\u00e9 plac\u00e9s en d\u00e9tention apr\u00e8s leur pr\u00e9sentation \u00e0 un juge.<\/p>\n<p>Selon un communiqu\u00e9 conjoint de la police et du parquet, les suspects sont un \u00c9gyptien, trois Marocains et un Syrien. Les enqu\u00eateurs \u00e9voquent clairement une \u00ab motivation islamiste \u00bb.<\/p>\n<p>Un appel explicite \u00e0 frapper un march\u00e9 de No\u00ebl<\/p>\n<p>L\u2019\u00c9gyptien, \u00e2g\u00e9 de 56 ans, est pr\u00e9sent\u00e9 comme l\u2019instigateur pr\u00e9sum\u00e9 du projet. Il aurait appel\u00e9, dans une mosqu\u00e9e, \u00e0 viser un march\u00e9 situ\u00e9 pr\u00e8s de Dingolfing-Landau, non loin de Munich, en utilisant \u00ab un v\u00e9hicule pour tuer ou blesser autant de personnes que possible \u00bb.<\/p>\n<p>Les trois Marocains, \u00e2g\u00e9s de 22, 28 et 30 ans, auraient accept\u00e9 de passer \u00e0 l\u2019acte, tandis que le Syrien, \u00e2g\u00e9 de 37 ans, les aurait encourag\u00e9s. L\u2019attaque devait \u00eatre imminente, selon les autorit\u00e9s.<\/p>\n<p>Un traumatisme encore vif en Allemagne<\/p>\n<p>Ce projet d\u00e9jou\u00e9 ravive de douloureux souvenirs. En d\u00e9cembre 2024, un attentat \u00e0 la voiture-b\u00e9lier avait fait six morts et plus de 300 bless\u00e9s sur le march\u00e9 de No\u00ebl de Magdebourg, dans l\u2019est du pays. Son auteur, Taleb Jawad al-Abdulmohsen, un Saoudien islamophobe, est actuellement jug\u00e9.<\/p>\n<p>Avant cela, l\u2019attaque islamiste du march\u00e9 de No\u00ebl de Berlin en 2016, qui avait fait 13 morts, avait profond\u00e9ment marqu\u00e9 l\u2019opinion publique allemande. Ces drames successifs ont durablement install\u00e9 les march\u00e9s de No\u00ebl au c\u0153ur des pr\u00e9occupations s\u00e9curitaires.<\/p>\n<p>Des mesures de s\u00e9curit\u00e9 de plus en plus lourdes<\/p>\n<p>Face \u00e0 la menace persistante, certaines villes allemandes ont pris des d\u00e9cisions radicales. En 2025, plusieurs communes, dont Overath pr\u00e8s de Cologne, ont choisi d\u2019annuler leur march\u00e9 de No\u00ebl, invoquant le co\u00fbt \u00e9lev\u00e9 des dispositifs de s\u00e9curit\u00e9.<\/p>\n<p>Un choix lourd de cons\u00e9quences \u00e9conomiques et symboliques, tant ces \u00e9v\u00e9nements sont ancr\u00e9s dans la culture allemande.<\/p>\n<p>Un enjeu \u00e9conomique majeur sous pression<\/p>\n<p>L\u2019an dernier, plus de 7 000 march\u00e9s de No\u00ebl ont attir\u00e9 environ 170 millions de visiteurs \u00e0 travers l\u2019Allemagne. Les recettes g\u00e9n\u00e9r\u00e9es ont atteint 4,2 milliards d\u2019euros, soit pr\u00e8s de 25 euros d\u00e9pens\u00e9s en moyenne par visiteur.<\/p>\n<p>Un secteur cl\u00e9 de l\u2019\u00e9conomie locale, aujourd\u2019hui contraint de composer avec un niveau de menace \u00e9lev\u00e9 et durable.<\/p>\n","protected":false},"excerpt":{"rendered":"L\u2019Allemagne a une nouvelle fois \u00e9chapp\u00e9 au pire. Les autorit\u00e9s ont annonc\u00e9 samedi 13 d\u00e9cembre l\u2019arrestation de cinq&hellip;\n","protected":false},"author":2,"featured_media":599260,"comment_status":"","ping_status":"","sticky":false,"template":"","format":"standard","meta":{"footnotes":""},"categories":[1587],"tags":[11,672,1804,1805,1803,1777,674,1801,12,1802],"class_list":{"0":"post-599259","1":"post","2":"type-post","3":"status-publish","4":"format-standard","5":"has-post-thumbnail","7":"category-allemagne","8":"tag-actualites","9":"tag-allemagne","10":"tag-bundesrepublik-deutschland","11":"tag-de","12":"tag-deutschland","13":"tag-eu","14":"tag-europe","15":"tag-germany","16":"tag-news","17":"tag-republique-federale-dallemagne"},"share_on_mastodon":{"url":"https:\/\/pubeurope.com\/@fr\/115719485861321337","error":""},"_links":{"self":[{"href":"https:\/\/www.europesays.com\/fr\/wp-json\/wp\/v2\/posts\/599259","targetHints":{"allow":["GET"]}}],"collection":[{"href":"https:\/\/www.europesays.com\/fr\/wp-json\/wp\/v2\/posts"}],"about":[{"href":"https:\/\/www.europesays.com\/fr\/wp-json\/wp\/v2\/types\/post"}],"author":[{"embeddable":true,"href":"https:\/\/www.europesays.com\/fr\/wp-json\/wp\/v2\/users\/2"}],"replies":[{"embeddable":true,"href":"https:\/\/www.europesays.com\/fr\/wp-json\/wp\/v2\/comments?post=599259"}],"version-history":[{"count":0,"href":"https:\/\/www.europesays.com\/fr\/wp-json\/wp\/v2\/posts\/599259\/revisions"}],"wp:featuredmedia":[{"embeddable":true,"href":"https:\/\/www.europesays.com\/fr\/wp-json\/wp\/v2\/media\/599260"}],"wp:attachment":[{"href":"https:\/\/www.europesays.com\/fr\/wp-json\/wp\/v2\/media?parent=599259"}],"wp:term":[{"taxonomy":"category","embeddable":true,"href":"https:\/\/www.europesays.com\/fr\/wp-json\/wp\/v2\/categories?post=599259"},{"taxonomy":"post_tag","embeddable":true,"href":"https:\/\/www.europesays.com\/fr\/wp-json\/wp\/v2\/tags?post=599259"}],"curies":[{"name":"wp","href":"https:\/\/api.w.org\/{rel}","templated":true}]}}