{"id":599269,"date":"2025-12-14T19:10:13","date_gmt":"2025-12-14T19:10:13","guid":{"rendered":"https:\/\/www.europesays.com\/fr\/599269\/"},"modified":"2025-12-14T19:10:13","modified_gmt":"2025-12-14T19:10:13","slug":"lens-nice-lequipe-de-france-ca-en-parle-pas-mal-en-ce-moment-matthieu-udol-samuse-de-la-hype-autour-de-lui","status":"publish","type":"post","link":"https:\/\/www.europesays.com\/fr\/599269\/","title":{"rendered":"Lens-Nice: \u00ab\u00a0L&rsquo;\u00e9quipe de France? \u00c7a en parle pas mal en ce moment\u00a0\u00bb, Matthieu Udol s&rsquo;amuse de la hype autour de lui"},"content":{"rendered":"<p class=\"mb-4 text-lg md:leading-8 break-words\"><a href=\"https:\/\/fr.news.yahoo.com\/sport\/equipe-france-matthieu-udol-linvit%C3%A9-085847117.html\" data-ylk=\"slk:Matthieu Udol;elm:context_link;itc:0;sec:content-canvas;outcm:mb_qualified_link;_E:mb_qualified_link;ct:story;\" class=\"link  yahoo-link\" rel=\"nofollow noopener\" target=\"_blank\">Matthieu Udol<\/a> candidat pour une place en \u00e9quipe de France pour la <a href=\"https:\/\/rmcsport.bfmtv.com\/football\/coupe-du-monde\/\" rel=\"nofollow noopener\" target=\"_blank\" data-ylk=\"slk:Coupe du monde 2026;elm:context_link;itc:0;sec:content-canvas\" class=\"link \">Coupe du monde 2026<\/a>? \u00ab\u00a0\u00c7a peut me venir \u00e0 l&rsquo;id\u00e9e en fin de saison\u00a0\u00bb, <a href=\"https:\/\/rmcsport.bfmtv.com\/football\/ligue-1\/video-ca-peut-me-venir-a-l-idee-udol-aux-portes-de-l-equipe-de-france_VN-202512040636.html\" rel=\"nofollow noopener\" target=\"_blank\" data-ylk=\"slk:lan\u00e7ait le concern\u00e9;elm:context_link;itc:0;sec:content-canvas\" class=\"link \">lan\u00e7ait le concern\u00e9<\/a> en conf\u00e9rence de presse au d\u00e9but du mois. Si Didier Deschamps n&rsquo;a pas encore \u00e9t\u00e9 aper\u00e7u dans les tribunes du stade Bollaert, le d\u00e9fenseur lensois, lui, se montre sur les terrains de Ligue 1.<\/p>\n<p class=\"mb-4 text-lg md:leading-8 break-words\">Arriv\u00e9 cet \u00e9t\u00e9 pour 3,5 millions d&rsquo;euros en provenance de Metz, Matthieu Udol revient \u00e0 son meilleur niveau cette saison. En t\u00e9moigne son dernier match face \u00e0 l&rsquo;<a href=\"https:\/\/fr.news.yahoo.com\/sport\/doit-assumer-franck-haise-interpelle-153631796.html\" data-ylk=\"slk:OGC Nice;elm:context_link;itc:0;sec:content-canvas;outcm:mb_qualified_link;_E:mb_qualified_link;ct:story;\" class=\"link  yahoo-link\" rel=\"nofollow noopener\" target=\"_blank\">OGC Nice<\/a> ce dimanche soir: le Messin a sign\u00e9 sa quatri\u00e8me puis sa cinqui\u00e8me passe d\u00e9cisive&#8230; en six rencontres.<\/p>\n<p>Udol et Edouard en forme olympique<\/p>\n<p class=\"mb-4 text-lg md:leading-8 break-words\">Contre les Aiglons, le lat\u00e9ral gauche des Sang et Or a superbement lanc\u00e9 \u00e0 deux reprises <a href=\"https:\/\/fr.news.yahoo.com\/sport\/avoir-%C3%A9t%C3%A9-grand-attaquant-ne-111623776.html\" data-ylk=\"slk:Odsonne Edouard;elm:context_link;itc:0;sec:content-canvas;outcm:mb_qualified_link;_E:mb_qualified_link;ct:story;\" class=\"link  yahoo-link\" rel=\"nofollow noopener\" target=\"_blank\">Odsonne Edouard<\/a>, lui aussi en grande forme avec sept buts en dix matchs, permettant au RC Lens de finir l&rsquo;ann\u00e9e 2025 en t\u00eate de la Ligue 1.<\/p>\n<p class=\"mb-4 text-lg md:leading-8 break-words\">\u00ab\u00a0C&rsquo;est la p\u00e9riode des f\u00eates, il faut faire quelques cadeaux!\u00a0\u00bb, s&rsquo;est amus\u00e9 l&rsquo;homme du match invit\u00e9 sur le plateau de Ligue 1+. \u00ab\u00a0\u00c7a en parle pas mal en ce moment (de l&rsquo;\u00e9quipe de France) mais je suis concentr\u00e9 sur ce que je fais avec Lens. Il faut continuer comme \u00e7a pour pouvoir penser \u00e0 cet \u00e9t\u00e9 plus tard\u00a0\u00bb, a ensuite temp\u00e9r\u00e9 Matthieu Udol.<\/p>\n<p class=\"mb-4 text-lg md:leading-8 break-words\">Avant la tr\u00eave des f\u00eates de fin d&rsquo;ann\u00e9e, Lens jouera une place en 16es de finale de Coupe de France face \u00e0 l&rsquo;Entente Faignies-Aulnoye, pensionnaire de National 2.<\/p>\n<p class=\"mb-4 text-lg md:leading-8 break-words\"><a href=\"https:\/\/rmcsport.bfmtv.com\/football\/clubs\/rc-lens\/lens-nice-l-equipe-de-france-ca-en-parle-pas-mal-en-ce-moment-matthieu-udol-s-amuse-de-la-hype-autour-de-lui_AV-202512140313.html#xtor=AL-68\" rel=\"nofollow noopener\" target=\"_blank\" data-ylk=\"slk:Article original publi\u00e9 sur RMC Sport;elm:context_link;itc:0;sec:content-canvas\" class=\"link \">Article original publi\u00e9 sur RMC Sport<\/a><\/p>\n","protected":false},"excerpt":{"rendered":"Matthieu Udol candidat pour une place en \u00e9quipe de France pour la Coupe du monde 2026? \u00ab\u00a0\u00c7a peut&hellip;\n","protected":false},"author":2,"featured_media":599270,"comment_status":"","ping_status":"","sticky":false,"template":"","format":"standard","meta":{"footnotes":""},"categories":[4],"tags":[11,64,11300,21184,1011,27,53988,6212,12,71176,2264,25,71175],"class_list":{"0":"post-599269","1":"post","2":"type-post","3":"status-publish","4":"format-standard","5":"has-post-thumbnail","7":"category-france","8":"tag-actualites","9":"tag-equipe-de-france","10":"tag-fin-de-saison","11":"tag-finale-de-coupe-de-france","12":"tag-fr","13":"tag-france","14":"tag-matthieu-udol","15":"tag-metz","16":"tag-news","17":"tag-odsonne-edouard","18":"tag-rc-lens","19":"tag-republique-francaise","20":"tag-si-didier-deschamps"},"share_on_mastodon":{"url":"https:\/\/pubeurope.com\/@fr\/115719505390575164","error":""},"_links":{"self":[{"href":"https:\/\/www.europesays.com\/fr\/wp-json\/wp\/v2\/posts\/599269","targetHints":{"allow":["GET"]}}],"collection":[{"href":"https:\/\/www.europesays.com\/fr\/wp-json\/wp\/v2\/posts"}],"about":[{"href":"https:\/\/www.europesays.com\/fr\/wp-json\/wp\/v2\/types\/post"}],"author":[{"embeddable":true,"href":"https:\/\/www.europesays.com\/fr\/wp-json\/wp\/v2\/users\/2"}],"replies":[{"embeddable":true,"href":"https:\/\/www.europesays.com\/fr\/wp-json\/wp\/v2\/comments?post=599269"}],"version-history":[{"count":0,"href":"https:\/\/www.europesays.com\/fr\/wp-json\/wp\/v2\/posts\/599269\/revisions"}],"wp:featuredmedia":[{"embeddable":true,"href":"https:\/\/www.europesays.com\/fr\/wp-json\/wp\/v2\/media\/599270"}],"wp:attachment":[{"href":"https:\/\/www.europesays.com\/fr\/wp-json\/wp\/v2\/media?parent=599269"}],"wp:term":[{"taxonomy":"category","embeddable":true,"href":"https:\/\/www.europesays.com\/fr\/wp-json\/wp\/v2\/categories?post=599269"},{"taxonomy":"post_tag","embeddable":true,"href":"https:\/\/www.europesays.com\/fr\/wp-json\/wp\/v2\/tags?post=599269"}],"curies":[{"name":"wp","href":"https:\/\/api.w.org\/{rel}","templated":true}]}}