{"id":599275,"date":"2025-12-14T19:14:11","date_gmt":"2025-12-14T19:14:11","guid":{"rendered":"https:\/\/www.europesays.com\/fr\/599275\/"},"modified":"2025-12-14T19:14:11","modified_gmt":"2025-12-14T19:14:11","slug":"wta-la-theorie-plus-que-credible-de-greg-rusedski-sur-le-retour-de-serena-williams-je-pense-que-si-elle-sest-inscrite-sur-les-listes-antidopage-cest-pour-jouer-en-double-au-moment-de-la-retrai","status":"publish","type":"post","link":"https:\/\/www.europesays.com\/fr\/599275\/","title":{"rendered":"WTA > La th\u00e9orie plus que cr\u00e9dible de Greg Rusedski sur le retour de Serena Williams : \u00ab\u00a0Je pense que si elle s&rsquo;est inscrite sur les listes antidopage, c&rsquo;est pour jouer en double au moment de la retraite de Venus\u00a0\u00bb"},"content":{"rendered":"<p>Depuis que le nom de Serena Williams est apparue sur les listes anti\u00addo\u00adpage en vue de la saison prochaine, les rumeurs vont bon\u00a0train.\u00a0<\/p>\n<p>Et si l\u2019hy\u00adpo\u00adth\u00e8se d\u2019un retour de la femme aux 23 tour\u00adnois du Grand Chelem \u00e0 presque 45 ans semble plus que compromis, d\u2019au\u00adtant qu\u2019elle a tenu \u00e0 d\u00e9mentir un \u00e9ven\u00adtuel come\u2010back, Greg Rusedski, ancien 4e mondial et fina\u00adliste de l\u2019US Open, a peut\u2010\u00eatre perc\u00e9 le myst\u00e8re.<\/p>\n<p>En effet, dans le dernier \u00e9pisode de son podcast, le Britannique a estim\u00e9 que les soeurs Williams nous pr\u00e9pa\u00adraient certai\u00adne\u00adment une grosse surprise en vue de la retraite de\u00a0Venus.\u00a0<\/p>\n<p><strong>\u00ab\u202fPour moi, je pense qu\u2019elle pour\u00adrait jouer en double avec Venus. Si Venus raccroche ses raquettes, je pense qu\u2019elle a \u00e9t\u00e9 inscrite sur la liste anti\u00addo\u00adpage pour faire ses adieux \u00e0 Venus. Quelle histoire incroyable\u202f! Je pense que c\u2019est la plus belle histoire qui soit. Regardez leur p\u00e8re, ils ont m\u00eame fait un film l\u00e0\u2010dessus, King Richard. Il a dit\u00a0: \u2018Je n\u2019ai pas un Michael Jordan, j\u2019en ai deux\u2019. Ce que Serena et Venus ont accompli en venant de Compton est incroyable, donc je pense qu\u2019elle s\u2019est inscrite sur la liste et qu\u2019elle jouera en double avec Venus. \u00c7a pour\u00adrait \u00eatre \u00e0 Wimbledon, \u00e7a pour\u00adrait \u00eatre \u00e0 l\u2019US Open, et j\u2019ado\u00adre\u00adrais voir \u00e7a. J\u2019esp\u00e8re \u00eatre l\u00e0 pour voir \u00e7a en personne si \u00e7a arrive.\u202f\u00bb<\/strong><\/p>\n<p class=\"post-published-date\" style=\"color: silver; font-size: 75%; text-align: left;\">Publi\u00e9 le dimanche 14 d\u00e9cembre 2025 \u00e0 18:25<\/p>\n","protected":false},"excerpt":{"rendered":"Depuis que le nom de Serena Williams est apparue sur les listes anti\u00addo\u00adpage en vue de la saison&hellip;\n","protected":false},"author":2,"featured_media":395325,"comment_status":"","ping_status":"","sticky":false,"template":"","format":"standard","meta":{"footnotes":""},"categories":[1415],"tags":[1011,27,2201,60,1467],"class_list":{"0":"post-599275","1":"post","2":"type-post","3":"status-publish","4":"format-standard","5":"has-post-thumbnail","7":"category-tennis","8":"tag-fr","9":"tag-france","10":"tag-serena-williams","11":"tag-sports","12":"tag-tennis"},"share_on_mastodon":{"url":"https:\/\/pubeurope.com\/@fr\/115719521150553591","error":""},"_links":{"self":[{"href":"https:\/\/www.europesays.com\/fr\/wp-json\/wp\/v2\/posts\/599275","targetHints":{"allow":["GET"]}}],"collection":[{"href":"https:\/\/www.europesays.com\/fr\/wp-json\/wp\/v2\/posts"}],"about":[{"href":"https:\/\/www.europesays.com\/fr\/wp-json\/wp\/v2\/types\/post"}],"author":[{"embeddable":true,"href":"https:\/\/www.europesays.com\/fr\/wp-json\/wp\/v2\/users\/2"}],"replies":[{"embeddable":true,"href":"https:\/\/www.europesays.com\/fr\/wp-json\/wp\/v2\/comments?post=599275"}],"version-history":[{"count":0,"href":"https:\/\/www.europesays.com\/fr\/wp-json\/wp\/v2\/posts\/599275\/revisions"}],"wp:featuredmedia":[{"embeddable":true,"href":"https:\/\/www.europesays.com\/fr\/wp-json\/wp\/v2\/media\/395325"}],"wp:attachment":[{"href":"https:\/\/www.europesays.com\/fr\/wp-json\/wp\/v2\/media?parent=599275"}],"wp:term":[{"taxonomy":"category","embeddable":true,"href":"https:\/\/www.europesays.com\/fr\/wp-json\/wp\/v2\/categories?post=599275"},{"taxonomy":"post_tag","embeddable":true,"href":"https:\/\/www.europesays.com\/fr\/wp-json\/wp\/v2\/tags?post=599275"}],"curies":[{"name":"wp","href":"https:\/\/api.w.org\/{rel}","templated":true}]}}