{"id":599276,"date":"2025-12-14T19:18:17","date_gmt":"2025-12-14T19:18:17","guid":{"rendered":"https:\/\/www.europesays.com\/fr\/599276\/"},"modified":"2025-12-14T19:18:17","modified_gmt":"2025-12-14T19:18:17","slug":"sud-gironde-cyclisme-resultats-du-cyclo-cross-de-la-citadelle-de-brouage","status":"publish","type":"post","link":"https:\/\/www.europesays.com\/fr\/599276\/","title":{"rendered":"Sud Gironde \u2013 CYCLISME \u2014 \u2014 R\u00e9sultats du cyclo-cross de la Citadelle de Brouage"},"content":{"rendered":"<p>&#13;<br \/>\n    &#13;<\/p>\n<p class=\"uk-article-meta\">Publi\u00e9 le 14 d\u00e9cembre 2025 dans R\u00e9sultats<\/p>\n<p>&#13;<\/p>\n<p>Remerciements \u00e0 Daniel Chevriaux<\/p>\n<p>&#13;<\/p>\n<p>\n<img fetchpriority=\"high\" decoding=\"async\" width=\"804\" height=\"1024\" src=\"https:\/\/www.europesays.com\/fr\/wp-content\/uploads\/2025\/12\/590704280_3783288221977283_8392287412789627177_n-804x1024.jpg\" alt=\"\" class=\"wp-image-126150\"  \/><\/p>\n<p class=\"has-black-color has-pale-cyan-blue-background-color has-text-color has-background has-link-color wp-elements-9f4250accd7e66c1fdd40eabce2f85f0\"><strong>DMANCHE 14 DECEMBRE 2025<br \/>CITADELLE DE BROUAGE (17)<br \/>CYCLO CROSS DE LA CITADELLE DE BROUAGE<br \/>ORGANISATION : VC CORME ROYAL<\/strong><\/p>\n<p>Places CAT Noms Pr\u00e9noms Clubs<\/p>\n<p>  <strong>  PRE-LICENCIES   U 7 <\/strong>        temps   \u00e9carts<\/p>\n<p>1 U7 H PEDREIRA Martin VC ROCHEFORT 05:45<br \/>2 U7 H JACQUES Maxence VC SAINTAIS 06:34 00:49<\/p>\n<p>    <strong>POUSSINS   U 9 <\/strong>         temps   \u00e9carts<\/p>\n<p>1 U9 H2 BOISARD Angelo AVC LIBOURNAIS 07:44<br \/>2 U9 PERINEAU Tito UVA 07:59 00:15<br \/>3 U9 H1 ROBIN Tom VC SAINTAIS 08:50 01:06<\/p>\n<p>  <strong>  PUPILLES   U 11<\/strong>             <\/p>\n<p>Places CAT Noms Pr\u00e9noms Clubs temps \u00e9carts<br \/>1 U11 H2 LAROCHE ZANNI Nohan TEAM EVASION NATURE 10:18<br \/>2 U11 H1 BELLAYER Arthur VCCO LA ROCHELLE 10:45 00:27<br \/>3 U11 H1 JACQUES Arthur VC SAINTAIS 11:20 01:02<br \/>4 U11 H1 PEDREIRA Antonin VC ROCHEFORT \u00e0 1 T<br \/>5 U11 MONIER Ama\u00ebl UVA \u00e0 1 T<br \/>6 U11 H1 VANDENCRUYCE Ma\u00ebl A.PO.GE CYCLISTE \u00e0 1 T<br \/>7 U11 H2 AURIOL Eliott AC NIEUL LES SAINTES \u00e0 1 T<br \/>8 U11 H1 BAUMEISTER Basile VCCO LA ROCHELLE \u00e0 1 T<\/p>\n<p>U11 H1  CANIOU  Lilian  VCCO LA ROCHELLE    AB  <\/p>\n<p>   <strong> BENJAMINS  U 13 <\/strong>            <\/p>\n<p>Places CAT Noms Pr\u00e9noms Clubs temps \u00e9carts<br \/>1 U13 H2 GUILLOT CAZOT Robin GUIDON MANSLOIS 15:25<br \/>2 U13 H1 MARQUET Tom VC SAINTAIS 16:07 00:42<br \/>3 U13 H2 DESCHAMPS Axel AC NIEUL LES SAINTES 17:45 02:20<br \/>4 U13 H2 MONTOROY Math\u00e9o VC SAINTAIS 18:15 02:50<br \/>5 U13 H1 DUCOUDERT Jasmin VC ROCHEFORT 18:47 03:22<br \/>6 U13 H1 HENNION Andrej UVA 19:14 03:49<br \/>7 U13 H2 SUBRA Na\u00e9 VC SAINTAIS 19:26 04:01<br \/>8 U13 H1 SPADA Timoth\u00e9 VC ROCHEFORT 19:38 04:13<br \/>9 U13 H1 VAYNE Augustin AVC LIBOURNAIS 20:45 05:20<br \/>10 U13 H1 VELLUET Awen AC NIEUL LES SAINTES \u00e0 1 T<br \/>11 U13 H2 MERCERON Tim\u00e9o VC ROCHEFORT \u00e0 1 T<br \/>12 U13 F 2 POUZET Eva VCCO LA ROCHELLE \u00e0 1 T<\/p>\n<p>    MINIMES U15             <\/p>\n<p>Places CAT Noms Pr\u00e9noms Clubs temps \u00e9carts<br \/>1 U15 H2 RUSSEIL Merlin UV POITIERS 20:45<br \/>2 U15 H2 VERGER Tilio VC SAINTAIS 21:16 00:31<br \/>3 U15 H2 MIALHE Ana\u00ebl VC ROCHEFORT 22:03 01:18<br \/>4 U15 H2 MACUDA Maxence VC ROCHEFORT 22:56 02:11<br \/>5 U15 H1 LARUE Alexandre UV POITIERS 23:13 02:28<br \/>6 U15 H2 GUICHARD Armand VC SAINTAIS 23:47 03:02<br \/>7 U15 H2 BREUIL Gaspard CC VERVANT 24:03 03:18<br \/>8 U15 F 1 GUERITAULT Emy VELOPHILE NAINTRE 24:09 03:24<br \/>9 U15 H2 MARQUET Enzo VC SAINTAIS \u00e0 1 T<br \/>10 U15 H1 BOUTILLER Augustin VCCO LA ROCHELLE \u00e0 1 T<br \/>11 U15 H2 PEREZ BACH Marin VCCO LA ROCHELLE \u00e0 1 T<br \/>12 U15 H1 RAYMOND Nathan AC NIEUL LES SAINTES \u00e0 1 T<br \/>13 U15 F 2 PAPIN Lizie VC SAINTAIS \u00e0 1 T<br \/>14 U15 H1 TARDY Valentin VC SAINTAIS \u00e0 1 T<br \/>15 U15 H1 CAMU LACUVE Tilouan VCCO LA ROCHELLE \u00e0 1 T<br \/>16 U15 F 1 GOYON Florie VC SAINTAIS \u00e0 1 T<\/p>\n<p><strong>U 17<\/strong><\/p>\n<p>Place NOM Pr\u00e9nom CLUB Temps\/ecart<br \/>1 PINEAU Tom VC SAINTAIS 29:27<br \/>2 AMARI Chemseddine VCCO LA ROCHELLE 30:24 00:57<br \/>3 FRIOU H\u00e9li\u00e8s VC SAINTAIS 30:35 01:08<br \/>4 THIERY C\u00e9lian TEAM EVASION NATURE 30:40 01:13<br \/>5 FERRON Tom UV POITIERS 32:27 03:00<br \/>6 BENOIST Paul VC ROCHEFORT 32:45 03:18<br \/>7 BARTLET Cl\u00e9ment VCCO LA ROCHELLE 33:07 03:40<br \/>8 PIGIER Cl\u00e9ment A.PO.GE CYCLISTE 34:19 04:52<br \/>9 PACAUD Martin VC SAINTAIS 38:47 09:20<br \/>10 WURCELDORF Hugo VCCO LA ROCHELLE \u00e0 1 T<br \/>11 TRANQUARD Lola VC SAINTAIS \u00e0 1 T<\/p>\n<p>PICHONNET   Maxence A.PO.GE CYCLISTE        AB  <\/p>\n<p><strong>U 19<\/strong><br \/>\nPlace\tNOM\tPr\u00e9nom\tCLUB\t\tTemps\/ecart<br \/>\n1\tPAPIN\tEthan\tA.PO.GE CYCLISTE\t\t41:40<br \/>\n2\tSAUZEAU\tYann\tUV POITIERS\t\t41:43\t00:03<br \/>\n3\tGASCHET\tJules\tCYCLE POITEVIN\t\t41:49\t00:09<br \/>\n4\tBOIRIVANT\tNathan\tA.PO.GE CYCLISTE\t\t43:11\t01:31<br \/>\n5\tMILLASSEAU\tLouis\tVCCO LA ROCHELLE\t\t43:26\t01:46<br \/>\n6\tLABROUSSE\tLucas\tANGOULEME VC\t\t43:28\t01:48<br \/>\n7\tCOG\u00c9\tLoan\tAC NIEUL LES SAINTES\t\t43:32\t01:52<br \/>\n8\tRENAUD\tLenny\tVCCO LA ROCHELLE\t\t45:11\t03:31<br \/>\n9\tPAULE\tAmaury\tVC SAINTAIS\t\t45:29\t03:49<br \/>\n10\tVERGNE CHARVY\tPierre\tTEAM IPARRALDE\t\t48:52\t07:12<br \/>\n11\tDAZY\tArthur\tVCCO LA ROCHELLE\t\t\u00e0 1 T<br \/>\n12\tTOUCHARD\tEloane\tVELOPHILE NAINTRE\t\t\u00e0 1 T\t<\/p>\n<p>\tBREUIL\tEliot\tGUIDON MANSLOIS\t\tAB<\/p>\n<p><strong>ACCESS<\/strong><\/p>\n<p>Place NOM Pr\u00e9nom CLUB Temps\/ecart<br \/>1 VIGNEAUD Johann ORANGES MECANIQUES TEAM CHEPNIERS 40:30<br \/>2 MIGEON Sacha VAL DE SEVRE CYCLISME 41:26 00:56<br \/>3 BONNIN Nicolas VC CORME-ROYAL 42:15 01:45<br \/>4 TROCHON Christophe CYCLE POITEVIN 42:41 02:11<br \/>5 CHATELIER Stephane TEAM GRAVEL OLERON 17 43:54 03:24<br \/>6 HALIMI Felix VC SAINTAIS 44:35 04:05<br \/>7 SAUVIGNON Christophe LA PEDALE JONZACAISE 44:46 04:16<br \/>8 GABORIT Steve US ST PIERRE DES CORPS 44:51 04:21<br \/>9 LETEURTRE Jerome VCCO LA ROCHELLE 44:53 04:23<br \/>10 BREGIERE Patrick LA PEDALE JONZACAISE 45:03 04:33<br \/>11 FLAHAUT Franck AC ST MICHEL 45:36 05:06<br \/>12 DESNOYER Michael A.PO.GE CYCLISTE 45:57 05:27<br \/>13 SUBRA Sebastien VC SAINTAIS 47:06 06:36<br \/>14 JURADO Daniel VC SAINTAIS 47:20 06:50<br \/>15 LACOMBE J\u00e9r\u00e9my INDIVIDUEL \u00e0 1 T<br \/>16 VANDERMEIREN Maxime VELO CLUB ESSARTAIS \u00e0 1 T<br \/>17 GUICHARD Jean Christophe VC SAINTAIS \u00e0 1 T<br \/>18 MANSENCAL Gregory CC SAINT AGNANT \u00e0 1 T<br \/>19 DAZY Emmanuel TEAM SAINT SAUVEUR \u00e0 1 T<br \/>20 PAPIN Cedric LA ROUE LIBRE SAVINOISE \u00e0 1 T<br \/>21 BODIN C\u00e9dric VC SAINTAIS \u00e0 1 T<br \/>22 MICHAUD Thomas VC ESSART \u00e0 1 T<br \/>23 QUENTIN Olivier CC SAINT AGNANT \u00e0 1 T<br \/>24 DEL POZZO Alexandre TEAM SAINT SAUVEUR \u00e0 1 T<br \/>25 GIRAUD Romain CHAUCHE VTT \u00e0 1 T<br \/>26 LARTIGUE Cedric VC ROCHEFORT \u00e0 1 T<br \/>27 COURTOIS Christophe INDIVIDUEL \u00e0 1 T<br \/>28 MORISSET Bernard VC DU PAYS DE LA CHATAIGNERAIE \u00e0 1 T<br \/>29 AIGRON Sebastien VCCO LA ROCHELLE \u00e0 1 T<br \/>30 PAULE Damien VC SAINTAIS \u00e0 1 T<br \/>31 BENOIST Alain VC ROCHEFORT \u00e0 1 T<br \/>32 MILON Jessy VC SAINTAIS \u00e0 1 T<br \/>33 BESSON Stephane VCC MARENNES \u00e0 1 T<br \/>34 NAVARRO Anthony VCCO LA ROCHELLE \u00e0 2 T<br \/>35 ROBIN Yoann VC SAINTAIS \u00e0 3 T<\/p>\n<p>RIDEAU  Cedric  VC SAINTAIS AB<br \/>\nGUERITAULT  Damien  VELOPHILE NAINTRE   AB  <\/p>\n<p><strong>Open<\/strong><br \/>\nPlace\tNOM\tPr\u00e9nom\tCLUB\t\tTemps\/ecart<br \/>\n1\tBREGIERE\tAnthony\tENTENTE CYCLISTE 3 M\t\t49:30<br \/>\n2\tMIGEON\tRomain\tUS ST HERBLAIN\t\t50:20\t00:50<br \/>\n3\tPAILLOT\tYoann\tANGOULEME VC\t\t50:30\t01:00<br \/>\n4\tRAMBEAU\tJ\u00e9r\u00e9mie\tCO COURONNAIS\t\t51:42\t02:12<br \/>\n5\tBUREAU\tCl\u00e9ment\tTC LE CHATEAU D&rsquo;OLERON\t\t51:53\t02:23<br \/>\n6\tPETITEAU\tValentin\tANGOULEME VC\t\t53:00\t03:30<br \/>\n7\tGABORIT\tSullivan\tUS ST PIERRE DES CORPS\t\t53:10\t03:40<br \/>\n8\tPETIT\tMaxence\tENTENTE CYCLISTE 3 M\t\t53:50\t04:20<br \/>\n9\tPEREZ\tThomas\tTEAM SAINT SAUVEUR\t\t54:27\t04:57<br \/>\n10\tBRIVADY\tLudovic\tVC ROCHEFORT\t\t\u00e0 1 T<br \/>\n11\tJOBIT\tYanis\tA.PO.GE CYCLISTE\t\t\u00e0 1 T<br \/>\n12\tSUBRA\tTom\tVC SAINTAIS\t\t\u00e0 2 T<br \/>\n13\tGRABKOWIAK\tChristophe\tFSSH CYCLISME\t\t\u00e0 2 T\t<\/p>\n<p>&#13;<\/p>\n","protected":false},"excerpt":{"rendered":"&#13; &#13; Publi\u00e9 le 14 d\u00e9cembre 2025 dans R\u00e9sultats &#13; Remerciements \u00e0 Daniel Chevriaux &#13; DMANCHE 14 DECEMBRE&hellip;\n","protected":false},"author":2,"featured_media":599277,"comment_status":"","ping_status":"","sticky":false,"template":"","format":"standard","meta":{"footnotes":""},"categories":[1411],"tags":[1154,207,1011,27,60],"class_list":{"0":"post-599276","1":"post","2":"type-post","3":"status-publish","4":"format-standard","5":"has-post-thumbnail","7":"category-cyclisme","8":"tag-cycling","9":"tag-cyclisme","10":"tag-fr","11":"tag-france","12":"tag-sports"},"share_on_mastodon":{"url":"https:\/\/pubeurope.com\/@fr\/115719538540674938","error":""},"_links":{"self":[{"href":"https:\/\/www.europesays.com\/fr\/wp-json\/wp\/v2\/posts\/599276","targetHints":{"allow":["GET"]}}],"collection":[{"href":"https:\/\/www.europesays.com\/fr\/wp-json\/wp\/v2\/posts"}],"about":[{"href":"https:\/\/www.europesays.com\/fr\/wp-json\/wp\/v2\/types\/post"}],"author":[{"embeddable":true,"href":"https:\/\/www.europesays.com\/fr\/wp-json\/wp\/v2\/users\/2"}],"replies":[{"embeddable":true,"href":"https:\/\/www.europesays.com\/fr\/wp-json\/wp\/v2\/comments?post=599276"}],"version-history":[{"count":0,"href":"https:\/\/www.europesays.com\/fr\/wp-json\/wp\/v2\/posts\/599276\/revisions"}],"wp:featuredmedia":[{"embeddable":true,"href":"https:\/\/www.europesays.com\/fr\/wp-json\/wp\/v2\/media\/599277"}],"wp:attachment":[{"href":"https:\/\/www.europesays.com\/fr\/wp-json\/wp\/v2\/media?parent=599276"}],"wp:term":[{"taxonomy":"category","embeddable":true,"href":"https:\/\/www.europesays.com\/fr\/wp-json\/wp\/v2\/categories?post=599276"},{"taxonomy":"post_tag","embeddable":true,"href":"https:\/\/www.europesays.com\/fr\/wp-json\/wp\/v2\/tags?post=599276"}],"curies":[{"name":"wp","href":"https:\/\/api.w.org\/{rel}","templated":true}]}}