{"id":599286,"date":"2025-12-14T19:26:19","date_gmt":"2025-12-14T19:26:19","guid":{"rendered":"https:\/\/www.europesays.com\/fr\/599286\/"},"modified":"2025-12-14T19:26:19","modified_gmt":"2025-12-14T19:26:19","slug":"radio-intensite-orleans-une-place-rebaptisee-au-nom-dalfred-dreyfus","status":"publish","type":"post","link":"https:\/\/www.europesays.com\/fr\/599286\/","title":{"rendered":"RADIO INTENSITE | ORL\u00c9ANS \u2013 Une place rebaptis\u00e9e au nom d&rsquo;Alfred Dreyfus"},"content":{"rendered":"\n<p class=\"western\">Dans le quartier Sonis \u00e0 Orl\u00e9ans, la place d&rsquo;Armes a \u00e9t\u00e9 rebaptis\u00e9e hier place d&rsquo;Armes Alfred Dreyfus. Un hommage au g\u00e9n\u00e9ral injustement condamn\u00e9 a eu lieu hier en pr\u00e9sence du maire Serge Grouard et de Charles Dreyfus, 98 ans, petit-fils d&rsquo;Alfred Dreyfus.<\/p>\n<p class=\"western\">Alfred Dreyfus avait termin\u00e9 sa carri\u00e8re militaire \u00e0 Orl\u00e9ans et depuis longtemps, la ligue contre le racisme et l&rsquo;antis\u00e9mitisme r\u00e9clamait qu&rsquo;un lieu d\u00a0\u00bbOrl\u00e9ans porte le nom d&rsquo;Alfred Dreyfus. C&rsquo;est d\u00e9sormais le cas.<\/p>\n","protected":false},"excerpt":{"rendered":"Dans le quartier Sonis \u00e0 Orl\u00e9ans, la place d&rsquo;Armes a \u00e9t\u00e9 rebaptis\u00e9e hier place d&rsquo;Armes Alfred Dreyfus. Un&hellip;\n","protected":false},"author":2,"featured_media":599287,"comment_status":"","ping_status":"","sticky":false,"template":"","format":"standard","meta":{"footnotes":""},"categories":[1355],"tags":[61308,61309,61310,61311,11,4763,6874,903,58,59,1939,118,1011,27,61304,61305,61307,61302,37289,61303,61306,1114,5590,1197,1361,873,316,1825,35435,61301,6133,3686],"class_list":{"0":"post-599286","1":"post","2":"type-post","3":"status-publish","4":"format-standard","5":"has-post-thumbnail","7":"category-musique","8":"tag-actu-chartres","9":"tag-actu-chateaudun","10":"tag-actu-dreux","11":"tag-actu-nogent-le-rotrou","12":"tag-actualites","13":"tag-agenda","14":"tag-cadeau","15":"tag-concours","16":"tag-divertissement","17":"tag-entertainment","18":"tag-eure-et-loir","19":"tag-faits-divers","20":"tag-fr","21":"tag-france","22":"tag-info-chartres","23":"tag-info-chateaudun","24":"tag-info-dreux","25":"tag-info-eure-et-loir","26":"tag-info-locale","27":"tag-info-locale-eure-et-loir","28":"tag-info-nogent-le-rotrou","29":"tag-infos","30":"tag-intensite","31":"tag-jeu","32":"tag-music","33":"tag-musique","34":"tag-politique","35":"tag-radio","36":"tag-radio-intensite","37":"tag-region-centre-val-de-loire","38":"tag-reportages","39":"tag-sortie"},"share_on_mastodon":{"url":"https:\/\/pubeurope.com\/@fr\/115719568500411561","error":""},"_links":{"self":[{"href":"https:\/\/www.europesays.com\/fr\/wp-json\/wp\/v2\/posts\/599286","targetHints":{"allow":["GET"]}}],"collection":[{"href":"https:\/\/www.europesays.com\/fr\/wp-json\/wp\/v2\/posts"}],"about":[{"href":"https:\/\/www.europesays.com\/fr\/wp-json\/wp\/v2\/types\/post"}],"author":[{"embeddable":true,"href":"https:\/\/www.europesays.com\/fr\/wp-json\/wp\/v2\/users\/2"}],"replies":[{"embeddable":true,"href":"https:\/\/www.europesays.com\/fr\/wp-json\/wp\/v2\/comments?post=599286"}],"version-history":[{"count":0,"href":"https:\/\/www.europesays.com\/fr\/wp-json\/wp\/v2\/posts\/599286\/revisions"}],"wp:featuredmedia":[{"embeddable":true,"href":"https:\/\/www.europesays.com\/fr\/wp-json\/wp\/v2\/media\/599287"}],"wp:attachment":[{"href":"https:\/\/www.europesays.com\/fr\/wp-json\/wp\/v2\/media?parent=599286"}],"wp:term":[{"taxonomy":"category","embeddable":true,"href":"https:\/\/www.europesays.com\/fr\/wp-json\/wp\/v2\/categories?post=599286"},{"taxonomy":"post_tag","embeddable":true,"href":"https:\/\/www.europesays.com\/fr\/wp-json\/wp\/v2\/tags?post=599286"}],"curies":[{"name":"wp","href":"https:\/\/api.w.org\/{rel}","templated":true}]}}