{"id":599288,"date":"2025-12-14T19:27:21","date_gmt":"2025-12-14T19:27:21","guid":{"rendered":"https:\/\/www.europesays.com\/fr\/599288\/"},"modified":"2025-12-14T19:27:21","modified_gmt":"2025-12-14T19:27:21","slug":"on-a-ecrit-un-role-pour-lui-cristiano-ronaldo-annonce-par-vin-diesel-dans-le-prochain-fast-and-furious","status":"publish","type":"post","link":"https:\/\/www.europesays.com\/fr\/599288\/","title":{"rendered":"\u00ab\u00a0On a \u00e9crit un r\u00f4le pour lui&#8230;\u00a0\u00bb: Cristiano Ronaldo annonc\u00e9 par Vin Diesel dans le prochain Fast and Furious"},"content":{"rendered":"<p class=\"mb-4 text-lg md:leading-8 break-words\">Apr\u00e8s le combattant Francis Ngannou, un autre athl\u00e8te star est dans le viseur des producteurs de Fast and Furious <a data-i13n=\"cpos:1;pos:1\" href=\"https:\/\/rmcsport.bfmtv.com\/football\/cristiano-ronaldo_DN-202108310501.html\" rel=\"nofollow noopener\" target=\"_blank\" data-ylk=\"slk:en la personne de Cristiano Ronaldo;cpos:1;pos:1;elm:context_link;itc:0;sec:content-canvas\" class=\"link \">en la personne de Cristiano Ronaldo<\/a>. A 40 ans, le Portugais pourrait pr\u00e9parer une reconversion plut\u00f4t in\u00e9dite \u00e0 en croire Vin Diesel, l&rsquo;acteur vedette de la saga des films Fast and Furious.<\/p>\n<p class=\"mb-4 text-lg md:leading-8 break-words\"><a data-i13n=\"cpos:2;pos:1\" href=\"https:\/\/rmcsport.bfmtv.com\/football\/championnat-d-arabie-saoudite_DN-202308060381.html\" rel=\"nofollow noopener\" target=\"_blank\" data-ylk=\"slk:undefined;cpos:2;pos:1;elm:context_link;itc:0;sec:content-canvas\" class=\"link \">undefined<\/a><\/p>\n<p>Une apr\u00e8s-carri\u00e8re en point d&rsquo;interrogation<\/p>\n<p class=\"mb-4 text-lg md:leading-8 break-words\">Alors que le 11e opus de cette c\u00e9l\u00e8bre saga est en pr\u00e9paration pour 2027, ce r\u00f4le pourrait \u00eatre la premi\u00e8re apparition au cin\u00e9ma de Cristiano Ronaldo. A noter que ce n&rsquo;est pas la premi\u00e8re fois que les producteurs de cette s\u00e9rie de films (cr\u00e9\u00e9e en 2001) font appel \u00e0 un sportif professionnel pour incarner un r\u00f4le. En m\u00e9moire, l&rsquo;apparition du combattant de MMA, Francis Ngannou, dans Fast and Furious 9.<\/p>\n<p class=\"mb-4 text-lg md:leading-8 break-words\">De plus en plus proche de la fin de carri\u00e8re, avec la mythique barre des 1.000 buts toujours dans le viseur ainsi qu&rsquo;une ultime apparition en Coupe du monde \u00e0 l&rsquo;\u00e9t\u00e9 2026, le futur de Cristiano Ronaldo interroge. Au del\u00e0 des speculations et appels du pied de Vin Diesel, la star portugaise avait d\u00e9j\u00e0 donn\u00e9 quelques incides sur \u00ab\u00a0l&rsquo;apr\u00e8s\u00a0\u00bb lors de la c\u00e9r\u00e9monie des Globe Soccer Awards 2024&#8230; \u00ab\u00a0Je suis encore jeune, j&rsquo;ai beaucoup de projets et de r\u00eaves. Mais croyez-moi, je serai propri\u00e9taire d&rsquo;un grand club, c&rsquo;est certain\u00a0\u00bb, avait lanc\u00e9 l&rsquo;ancien attaquant du Real Madrid \u00e0 la surprise g\u00e9n\u00e9rale. De l\u00e0 \u00e0 avoir d\u00e9j\u00e0 un club dans le viseur? \u00ab\u00a0Pas encore, quelques-uns peut-\u00eatre\u00a0\u00bb, avait r\u00e9pondu CR7.<\/p>\n<p class=\"mb-4 text-lg md:leading-8 break-words\"><a data-i13n=\"cpos:3;pos:1\" href=\"https:\/\/rmcsport.bfmtv.com\/football\/on-a-ecrit-un-role-pour-lui-cristiano-ronaldo-annonce-par-vin-diesel-dans-le-prochain-fast-and-furious_AV-202512140225.html#xtor=AL-68\" rel=\"nofollow noopener\" target=\"_blank\" data-ylk=\"slk:Article original publi\u00e9 sur RMC Sport;cpos:3;pos:1;elm:context_link;itc:0;sec:content-canvas\" class=\"link \">Article original publi\u00e9 sur RMC Sport<\/a><\/p>\n","protected":false},"excerpt":{"rendered":"Apr\u00e8s le combattant Francis Ngannou, un autre athl\u00e8te star est dans le viseur des producteurs de Fast and&hellip;\n","protected":false},"author":2,"featured_media":599289,"comment_status":"","ping_status":"","sticky":false,"template":"","format":"standard","meta":{"footnotes":""},"categories":[1354],"tags":[71178,13282,58,59,21538,1346,1011,27,71179,1360,4790,25840,32468],"class_list":{"0":"post-599288","1":"post","2":"type-post","3":"status-publish","4":"format-standard","5":"has-post-thumbnail","7":"category-films","8":"tag-ce-n39est-pas-la-premiere","9":"tag-cristiano-ronaldo","10":"tag-divertissement","11":"tag-entertainment","12":"tag-fast-and-furious","13":"tag-films","14":"tag-fr","15":"tag-france","16":"tag-francis-ngannou","17":"tag-movies","18":"tag-real-madrid","19":"tag-viktorija-burakauskas","20":"tag-vin-diesel"},"share_on_mastodon":{"url":"https:\/\/pubeurope.com\/@fr\/115719572284358332","error":""},"_links":{"self":[{"href":"https:\/\/www.europesays.com\/fr\/wp-json\/wp\/v2\/posts\/599288","targetHints":{"allow":["GET"]}}],"collection":[{"href":"https:\/\/www.europesays.com\/fr\/wp-json\/wp\/v2\/posts"}],"about":[{"href":"https:\/\/www.europesays.com\/fr\/wp-json\/wp\/v2\/types\/post"}],"author":[{"embeddable":true,"href":"https:\/\/www.europesays.com\/fr\/wp-json\/wp\/v2\/users\/2"}],"replies":[{"embeddable":true,"href":"https:\/\/www.europesays.com\/fr\/wp-json\/wp\/v2\/comments?post=599288"}],"version-history":[{"count":0,"href":"https:\/\/www.europesays.com\/fr\/wp-json\/wp\/v2\/posts\/599288\/revisions"}],"wp:featuredmedia":[{"embeddable":true,"href":"https:\/\/www.europesays.com\/fr\/wp-json\/wp\/v2\/media\/599289"}],"wp:attachment":[{"href":"https:\/\/www.europesays.com\/fr\/wp-json\/wp\/v2\/media?parent=599288"}],"wp:term":[{"taxonomy":"category","embeddable":true,"href":"https:\/\/www.europesays.com\/fr\/wp-json\/wp\/v2\/categories?post=599288"},{"taxonomy":"post_tag","embeddable":true,"href":"https:\/\/www.europesays.com\/fr\/wp-json\/wp\/v2\/tags?post=599288"}],"curies":[{"name":"wp","href":"https:\/\/api.w.org\/{rel}","templated":true}]}}