{"id":599292,"date":"2025-12-14T19:29:12","date_gmt":"2025-12-14T19:29:12","guid":{"rendered":"https:\/\/www.europesays.com\/fr\/599292\/"},"modified":"2025-12-14T19:29:12","modified_gmt":"2025-12-14T19:29:12","slug":"transferts-caillet-attendu-a-grenoble-azema-entre-brive-et-la-georgie-el-abd-vers-un-retour-en-france","status":"publish","type":"post","link":"https:\/\/www.europesays.com\/fr\/599292\/","title":{"rendered":"Transferts &#8211; Caillet attendu \u00e0 Grenoble, Azema entre Brive et la G\u00e9orgie, El Abd vers un retour en France"},"content":{"rendered":"<p>\n                Le march\u00e9 des entra\u00eeneurs s\u2019emballe \u00e0 l\u2019approche de la prochaine saison. Entre prolongations en discussion, pistes multiples et staffs en recomposition, Bayonne, Brive et Grenoble sont au c\u0153ur de l\u2019actualit\u00e9. Fraser temporise, Azema h\u00e9site entre la Corr\u00e8ze et la G\u00e9orgie, tandis que Pierre Caillet pourrait rebondir rapidement en Pro D2. Tour d\u2019horizon des dossiers chauds.\n            <\/p>\n<p>Le march\u00e9 des entra\u00eeneurs s\u2019est anim\u00e9 cette semaine, avec plusieurs dossiers chauds en vue de la saison prochaine.<\/p>\n<p>\u00c0 Bayonne pour commencer, les discussions autour d\u2019une possible prolongation de G\u00e9rard Fraser se poursuivent, mais devraient trouver leur \u00e9pilogue en d\u00e9but de semaine. Selon nos informations, un nouveau bail de quatre ans lui a \u00e9t\u00e9 propos\u00e9, assorti d\u2019une l\u00e9g\u00e8re revalorisation salariale. Fraser, \u00e9galement suivi par d\u2019autres clubs de Top 14 \u2014 Montpellier notamment \u2014 doit donner sa r\u00e9ponse d\u00e9finitive dans les prochains jours. Du c\u00f4t\u00e9 de l\u2019Aviron bayonnais, l\u2019optimisme \u00e9tait de mise ce week-end.<\/p>\n<p>El Abd en favori \u00e0 Brive ?<\/p>\n<p>Autre dossier qui s\u2019\u00e9tire en longueur : la succession de Pierre-Henry Broncan \u00e0 Brive. Les dirigeants corr\u00e9ziens explorent actuellement deux pistes. La premi\u00e8re m\u00e8ne \u00e0 Joe El Abd, dont nous avions r\u00e9v\u00e9l\u00e9 les contacts dans notre \u00e9dition du 16 novembre. Actuellement adjoint de Steve Borthwick au sein du XV de la Rose, l\u2019Anglais n\u2019est toutefois pas libre contractuellement. Il est li\u00e9 \u00e0 la RFU jusqu\u2019\u00e0 la Coupe du monde 2027 en Australie. N\u00e9anmoins, il ne serait pas totalement satisfait de l\u2019\u00e9tendue de ses pr\u00e9rogatives au sein de la s\u00e9lection anglaise. Selon nos informations, il a d\u2019ailleurs \u00e9chang\u00e9 en visioconf\u00e9rence avec les dirigeants brivistes il y a une dizaine de jours.<\/p>\n<p>La seconde piste conduit \u00e0 Franck Azema, avec qui des discussions avaient \u00e9t\u00e9 r\u00e9v\u00e9l\u00e9es d\u00e8s le 3 novembre dans nos colonnes. Mais comme l\u2019indiquent nos confr\u00e8res de L\u2019\u00c9quipe, l\u2019ancien manager clermontois est \u00e9galement en n\u00e9gociation avec la f\u00e9d\u00e9ration g\u00e9orgienne pour occuper le poste de s\u00e9lectionneur. Mardi dernier, il s\u2019est ainsi entretenu avec des responsables de la f\u00e9d\u00e9ration g\u00e9orgienne. L\u2019option Pierre-Henry Broncan s\u2019est, elle, d\u00e9finitivement referm\u00e9e. L\u2019actuel entra\u00eeneur principal de Brive a longtemps \u00e9t\u00e9 en discussions avec la G\u00e9orgie, mais celles-ci n\u2019aboutiront pas. Les deux parties ne sont pas parvenues \u00e0 un accord, comme en t\u00e9moignent les n\u00e9gociations d\u00e9sormais engag\u00e9es avec Azema, mais aussi avec un technicien n\u00e9o-z\u00e9landais.<\/p>\n<p>Enfin, du c\u00f4t\u00e9 de Grenoble, le pr\u00e9sident Patrick Goffi souhaiterait encore faire \u00e9voluer son staff. Il aimerait associer \u00e0 Jeff Dubois l\u2019ancien entra\u00eeneur de B\u00e9ziers, Pierre Caillet, actuellement sans club. Depuis l\u2019\u00e9viction de Nicolas Nadau \u2014 qui a rebondi \u00e0 Perpignan \u2014 Dubois travaille en bin\u00f4me avec Patrick Pezery. Mais les r\u00e9sultats toujours d\u00e9cevants des Is\u00e9rois, notamment \u00e0 l\u2019ext\u00e9rieur (d\u00e9faites \u00e0 Soyaux, Vannes, Colomiers et Valence), pourraient inciter Goffi \u00e0 anticiper une nouvelle nomination. Dans l\u2019entourage du club, on s\u2019attend \u00e0 voir Pierre Caillet d\u00e9barquer une fois la tr\u00eave des confiseurs pass\u00e9e.<br \/>Affaire \u00e0 suivre.<\/p>\n","protected":false},"excerpt":{"rendered":"Le march\u00e9 des entra\u00eeneurs s\u2019emballe \u00e0 l\u2019approche de la prochaine saison. Entre prolongations en discussion, pistes multiples et&hellip;\n","protected":false},"author":2,"featured_media":599293,"comment_status":"","ping_status":"","sticky":false,"template":"","format":"standard","meta":{"footnotes":""},"categories":[9],"tags":[1011,27,60,10662],"class_list":{"0":"post-599292","1":"post","2":"type-post","3":"status-publish","4":"format-standard","5":"has-post-thumbnail","7":"category-sports","8":"tag-fr","9":"tag-france","10":"tag-sports","11":"tag-transferts"},"share_on_mastodon":{"url":"https:\/\/pubeurope.com\/@fr\/115719580244512412","error":""},"_links":{"self":[{"href":"https:\/\/www.europesays.com\/fr\/wp-json\/wp\/v2\/posts\/599292","targetHints":{"allow":["GET"]}}],"collection":[{"href":"https:\/\/www.europesays.com\/fr\/wp-json\/wp\/v2\/posts"}],"about":[{"href":"https:\/\/www.europesays.com\/fr\/wp-json\/wp\/v2\/types\/post"}],"author":[{"embeddable":true,"href":"https:\/\/www.europesays.com\/fr\/wp-json\/wp\/v2\/users\/2"}],"replies":[{"embeddable":true,"href":"https:\/\/www.europesays.com\/fr\/wp-json\/wp\/v2\/comments?post=599292"}],"version-history":[{"count":0,"href":"https:\/\/www.europesays.com\/fr\/wp-json\/wp\/v2\/posts\/599292\/revisions"}],"wp:featuredmedia":[{"embeddable":true,"href":"https:\/\/www.europesays.com\/fr\/wp-json\/wp\/v2\/media\/599293"}],"wp:attachment":[{"href":"https:\/\/www.europesays.com\/fr\/wp-json\/wp\/v2\/media?parent=599292"}],"wp:term":[{"taxonomy":"category","embeddable":true,"href":"https:\/\/www.europesays.com\/fr\/wp-json\/wp\/v2\/categories?post=599292"},{"taxonomy":"post_tag","embeddable":true,"href":"https:\/\/www.europesays.com\/fr\/wp-json\/wp\/v2\/tags?post=599292"}],"curies":[{"name":"wp","href":"https:\/\/api.w.org\/{rel}","templated":true}]}}