{"id":599300,"date":"2025-12-14T19:33:12","date_gmt":"2025-12-14T19:33:12","guid":{"rendered":"https:\/\/www.europesays.com\/fr\/599300\/"},"modified":"2025-12-14T19:33:12","modified_gmt":"2025-12-14T19:33:12","slug":"avec-jose-antonio-kast-lextreme-droite-aux-portes-du-pouvoir-de-premiers-resultats-attendus-dimanche-soir","status":"publish","type":"post","link":"https:\/\/www.europesays.com\/fr\/599300\/","title":{"rendered":"avec Jos\u00e9 Antonio Kast, l\u2019extr\u00eame droite aux portes du pouvoir\u00a0; de premiers r\u00e9sultats attendus dimanche soir"},"content":{"rendered":"<p>                      <img loading=\"lazy\" decoding=\"async\" src=\"https:\/\/www.europesays.com\/fr\/wp-content\/uploads\/2025\/12\/08a3fd3_ftp-1-8kdxqnjixf7z-21c84fa61bbe4d97b76ad7c333dd2cd1-0-77bf2a8070644c15b232bc91212c8f35.jpg\" alt=\"Le candidat ultraconservateur \u00e0 la pr\u00e9sidentielle chilienne, Jos\u00e9 Antonio Kast, \u00e0 Santiago, au Chili, le dimanche 14\u00a0d\u00e9cembre 2025. \"   width=\"664\" height=\"443\"\/>    Le candidat ultraconservateur \u00e0 la pr\u00e9sidentielle chilienne, Jos\u00e9 Antonio Kast, \u00e0 Santiago, au Chili, le dimanche 14\u00a0d\u00e9cembre 2025.  ESTEBAN FELIX \/ AP                          <\/p>\n<p class=\"article__paragraph  \">Les Chiliens votent dimanche 14\u00a0d\u00e9cembre pour \u00e9lire leur pr\u00e9sident, lors d\u2019un scrutin o\u00f9 l\u2019extr\u00eame droite est donn\u00e9e favorite pour la premi\u00e8re fois depuis la fin de la dictature d\u2019Augusto Pinochet il y a trente-cinq\u00a0ans.<\/p>\n<p class=\"article__paragraph  \">Cr\u00e9dit\u00e9 d\u2019une large avance par les sondages, l\u2019ultraconservateur Jos\u00e9 Antonio Kast, avocat de 59\u00a0ans, affronte Jeannette Jara, une communiste mod\u00e9r\u00e9e repr\u00e9sentant une vaste coalition de gauche. Les premiers r\u00e9sultats devraient \u00eatre connus peu de temps apr\u00e8s la fermeture des bureaux de vote, pr\u00e9vue \u00e0 18\u00a0heures\u00a0sur place, soit 22\u00a0heures \u00e0 Paris.<\/p>\n<p class=\"article__paragraph  \">Le candidat d\u2019extr\u00eame droite en est \u00e0 sa troisi\u00e8me tentative d\u2019acc\u00e9der \u00e0 la pr\u00e9sidence. Apr\u00e8s avoir vot\u00e9 \u00e0 Paine, \u00e0 40\u00a0kilom\u00e8tres de Santiago, et s\u2019\u00eatre pris en selfie avec des sympathisants, il a \u00e9t\u00e9 applaudi par une foule scandant \u00ab\u00a0Kast, pr\u00e9sident\u00a0\u00bb.<\/p>\n<p>                                       Lire aussi |  Article r\u00e9serv\u00e9 \u00e0 nos abonn\u00e9s  <a href=\"https:\/\/www.lemonde.fr\/international\/article\/2025\/12\/14\/presidentielle-au-chili-la-chronique-d-une-defaite-annoncee-de-la-gauche-face-a-l-extreme-droite_6657232_3210.html\" class=\"js-article-read-also catcher--favoris__link\" data-premium=\"1\" id=\"article-title-3450942\" target=\"_blank\" rel=\"noopener\">Pr\u00e9sidentielle au Chili\u00a0: la \u00ab\u00a0chronique d\u2019une d\u00e9faite annonc\u00e9e\u00a0\u00bb de la gauche face \u00e0 l\u2019extr\u00eame droite<\/a>    <\/p>\n<p>   Lire plus tard  <\/p>\n<p class=\"article__paragraph  \">Catholique pratiquant et p\u00e8re de neuf enfants, l\u2019ex-d\u00e9put\u00e9 a fait campagne sur la lutte contre la criminalit\u00e9 et la promesse d\u2019expulser les pr\u00e8s de 340\u00a0000 migrants en situation irr\u00e9guli\u00e8re, pour la plupart des V\u00e9n\u00e9zu\u00e9liens ayant fui la crise dans leur pays.<\/p>\n<p class=\"article__paragraph  \">En face, Jeannette Jara, 51\u00a0ans, ministre du travail du pr\u00e9sident sortant Gabriel Boric, promet l\u2019augmentation du salaire minimum et la d\u00e9fense des retraites. Au premier tour le 16\u00a0novembre, les deux candidats ont obtenu chacun un quart des suffrages, avec une l\u00e9g\u00e8re avance pour la gauche. Mais l\u2019ensemble des candidats de droite a r\u00e9uni 70\u00a0% des voix.<\/p>\n<p>                    Fort sentiment d\u2019ins\u00e9curit\u00e9                    <\/p>\n<p class=\"article__paragraph  \">La criminalit\u00e9 et l\u2019immigration irr\u00e9guli\u00e8re sont en t\u00eate des pr\u00e9occupations exprim\u00e9es par des Chiliens lors d\u2019enqu\u00eates d\u2019opinion, devant les difficult\u00e9s \u00e9conomiques li\u00e9es \u00e0 une croissance atone. \u00ab\u00a0Le pays s\u2019effondre\u00a0\u00bb, r\u00e9p\u00e8te \u00e0 l\u2019envi Jos\u00e9 Antonio Kast, candidat du Parti r\u00e9publicain, qu\u2019il a fond\u00e9 en\u00a02019. Les experts parlent de perceptions en d\u00e9calage avec la r\u00e9alit\u00e9.<\/p>\n<p class=\"article__paragraph  \">Si le taux d\u2019homicides a doubl\u00e9 au cours de la derni\u00e8re d\u00e9cennie, il est en recul ces derni\u00e8res ann\u00e9es et est bien inf\u00e9rieur \u00e0 la moyenne r\u00e9gionale. Les d\u00e9lits violents, comme les enl\u00e8vements et l\u2019extorsion, ont n\u00e9anmoins augment\u00e9. M.\u00a0Kast, oppos\u00e9 \u00e0 l\u2019avortement m\u00eame en cas de viol ainsi qu\u2019au mariage homosexuel, a mis en sourdine pendant cette campagne ses positions conservatrices.<\/p>\n<p> Le Monde M\u00e9morable  <\/p>\n<p> <a href=\"https:\/\/www.lemonde.fr\/memorable\/?rfextension=inread\" class=\"inread__link js-services-inread-link\" target=\"_blank\" rel=\"noopener\">  <\/p>\n<p>Testez votre culture g\u00e9n\u00e9rale avec la r\u00e9daction du \u00ab Monde \u00bb<\/p>\n<p>Testez votre culture g\u00e9n\u00e9rale avec la r\u00e9daction du \u00ab Monde \u00bb<\/p>\n<p>D\u00e9couvrir<\/p>\n<p> <\/a>      <\/p>\n<p> Newsletter  <\/p>\n<p> <a href=\"https:\/\/www.lemonde.fr\/newsletters\/a-la-une\/\" class=\"inread__link js-services-inread-link\" target=\"_blank\" rel=\"noopener\">  <\/p>\n<p>\u00ab A la une \u00bb<\/p>\n<p>Chaque matin, parcourez l&rsquo;essentiel de l&rsquo;actualit\u00e9 du jour avec les derniers titres du \u00ab Monde \u00bb<\/p>\n<p>S&rsquo;inscrire<\/p>\n<p> <\/a>          <\/p>\n<p> Le Monde Application  <\/p>\n<p> <a href=\"https:\/\/lamatinale.onelink.me\/gKMy\/ahw2ubr3\" class=\"inread__link js-services-inread-link\" target=\"_blank\" rel=\"noopener\">  <\/p>\n<p>La Matinale du Monde<\/p>\n<p>Chaque matin, retrouvez notre s\u00e9lection de 20 articles \u00e0 ne pas manquer <\/p>\n<p>T\u00e9l\u00e9charger l&rsquo;application<\/p>\n<p> <\/a>      <\/p>\n<p> Newsletter abonn\u00e9s  <\/p>\n<p> <a href=\"https:\/\/www.lemonde.fr\/newsletters\/international\/\" class=\"inread__link js-services-inread-link\" target=\"_blank\" rel=\"noopener\">  <\/p>\n<p>\u00ab International \u00bb<\/p>\n<p>L\u2019essentiel de l\u2019actualit\u00e9 internationale de la semaine<\/p>\n<p>S&rsquo;inscrire<\/p>\n<p> <\/a>             <\/p>\n<p class=\"article__paragraph  \">Le discours s\u00e9curitaire de la droite et de l\u2019extr\u00eame droite au Chili trouve d\u2019autant plus d\u2019\u00e9cho que le gouvernement de gauche sortant a g\u00e9n\u00e9r\u00e9 des frustrations. La r\u00e9volte sociale de 2019 pour davantage d\u2019\u00e9galit\u00e9 sociale a \u00e9t\u00e9 marqu\u00e9e par des violences puis percut\u00e9e par la crise sanitaire.<\/p>\n<p class=\"article__paragraph  \">L\u2019ultraconservateur a soutenu la dictature militaire et assur\u00e9 que si Pinochet \u00e9tait en vie il voterait pour lui. Des enqu\u00eates men\u00e9es par des m\u00e9dias en\u00a02021 ont r\u00e9v\u00e9l\u00e9 que son p\u00e8re, n\u00e9 en Allemagne, avait \u00e9t\u00e9 membre du NSDAP, le parti d\u2019Adolf Hitler. Jos\u00e9 Antonio Kast affirme que son p\u00e8re a \u00e9t\u00e9 enr\u00f4l\u00e9 de force dans l\u2019arm\u00e9e allemande et nie qu\u2019il ait \u00e9t\u00e9 un partisan du mouvement nazi.<\/p>\n<p class=\"author__detail\">  Le Monde avec AFP  <\/p>\n<p>                <a href=\"https:\/\/www.lemonde.fr\/syndication\/\" class=\"reuse__content\" title=\"R\u00e9utiliser ce contenu\" target=\"_blank\" rel=\"noopener\">R\u00e9utiliser ce contenu<\/a>      <\/p>\n","protected":false},"excerpt":{"rendered":"Le candidat ultraconservateur \u00e0 la pr\u00e9sidentielle chilienne, Jos\u00e9 Antonio Kast, \u00e0 Santiago, au Chili, le dimanche 14\u00a0d\u00e9cembre 2025.&hellip;\n","protected":false},"author":2,"featured_media":599301,"comment_status":"","ping_status":"","sticky":false,"template":"","format":"standard","meta":{"footnotes":""},"categories":[5],"tags":[11,1011,27,14,12,28],"class_list":{"0":"post-599300","1":"post","2":"type-post","3":"status-publish","4":"format-standard","5":"has-post-thumbnail","7":"category-international","8":"tag-actualites","9":"tag-fr","10":"tag-france","11":"tag-international","12":"tag-news","13":"tag-world"},"share_on_mastodon":{"url":"https:\/\/pubeurope.com\/@fr\/115719596964773017","error":""},"_links":{"self":[{"href":"https:\/\/www.europesays.com\/fr\/wp-json\/wp\/v2\/posts\/599300","targetHints":{"allow":["GET"]}}],"collection":[{"href":"https:\/\/www.europesays.com\/fr\/wp-json\/wp\/v2\/posts"}],"about":[{"href":"https:\/\/www.europesays.com\/fr\/wp-json\/wp\/v2\/types\/post"}],"author":[{"embeddable":true,"href":"https:\/\/www.europesays.com\/fr\/wp-json\/wp\/v2\/users\/2"}],"replies":[{"embeddable":true,"href":"https:\/\/www.europesays.com\/fr\/wp-json\/wp\/v2\/comments?post=599300"}],"version-history":[{"count":0,"href":"https:\/\/www.europesays.com\/fr\/wp-json\/wp\/v2\/posts\/599300\/revisions"}],"wp:featuredmedia":[{"embeddable":true,"href":"https:\/\/www.europesays.com\/fr\/wp-json\/wp\/v2\/media\/599301"}],"wp:attachment":[{"href":"https:\/\/www.europesays.com\/fr\/wp-json\/wp\/v2\/media?parent=599300"}],"wp:term":[{"taxonomy":"category","embeddable":true,"href":"https:\/\/www.europesays.com\/fr\/wp-json\/wp\/v2\/categories?post=599300"},{"taxonomy":"post_tag","embeddable":true,"href":"https:\/\/www.europesays.com\/fr\/wp-json\/wp\/v2\/tags?post=599300"}],"curies":[{"name":"wp","href":"https:\/\/api.w.org\/{rel}","templated":true}]}}