{"id":599306,"date":"2025-12-14T19:36:21","date_gmt":"2025-12-14T19:36:21","guid":{"rendered":"https:\/\/www.europesays.com\/fr\/599306\/"},"modified":"2025-12-14T19:36:21","modified_gmt":"2025-12-14T19:36:21","slug":"saint-chamond-une-replique-de-la-stimula-construite-au-lycee-claude-lebois","status":"publish","type":"post","link":"https:\/\/www.europesays.com\/fr\/599306\/","title":{"rendered":"Saint-Chamond. Une r\u00e9plique de la Stimula construite au lyc\u00e9e Claude-Lebois"},"content":{"rendered":"<p>Eddy, Taha, Adem, Hugo, Haikeul, Fakri, Kiyane et Nassim font partie des \u00e9l\u00e8ves chaudronniers qui ont m\u00e9thodiquement construit la r\u00e9plique \u00e0 l\u2019\u00e9chelle 1:1 de la voiturette Stimula 8HP sortie en 1907 des ateliers de la famille de La Chapelle.<\/p>\n<p>\u00ab\u00a0Ce travail en atelier a \u00e9t\u00e9 notre plus gros projet depuis qu\u2019on est \u00e0 Claude-Lebois. On est tr\u00e8s heureux du r\u00e9sultat et fiers d\u2019avoir prouv\u00e9 notre efficacit\u00e9 et notre rapidit\u00e9 pour finir dans les d\u00e9lais. On a vraiment aim\u00e9 faire \u00e7a avec&#8230;<\/p>\n","protected":false},"excerpt":{"rendered":"Eddy, Taha, Adem, Hugo, Haikeul, Fakri, Kiyane et Nassim font partie des \u00e9l\u00e8ves chaudronniers qui ont m\u00e9thodiquement construit&hellip;\n","protected":false},"author":2,"featured_media":599307,"comment_status":"","ping_status":"","sticky":false,"template":"","format":"standard","meta":{"footnotes":""},"categories":[9653],"tags":[1111,11,2430,3599,7539,1057,1777,674,1011,27,12,25,9669,9670,4001],"class_list":{"0":"post-599306","1":"post","2":"type-post","3":"status-publish","4":"format-standard","5":"has-post-thumbnail","7":"category-saint-etienne","8":"tag-actu","9":"tag-actualites","10":"tag-auvergne-rhone-alpes","11":"tag-college-lycee","12":"tag-edition-loire-sud","13":"tag-education","14":"tag-eu","15":"tag-europe","16":"tag-fr","17":"tag-france","18":"tag-news","19":"tag-republique-francaise","20":"tag-saint-chamond","21":"tag-saint-chamond-ville","22":"tag-saint-etienne"},"share_on_mastodon":{"url":"https:\/\/pubeurope.com\/@fr\/115719607732597057","error":""},"_links":{"self":[{"href":"https:\/\/www.europesays.com\/fr\/wp-json\/wp\/v2\/posts\/599306","targetHints":{"allow":["GET"]}}],"collection":[{"href":"https:\/\/www.europesays.com\/fr\/wp-json\/wp\/v2\/posts"}],"about":[{"href":"https:\/\/www.europesays.com\/fr\/wp-json\/wp\/v2\/types\/post"}],"author":[{"embeddable":true,"href":"https:\/\/www.europesays.com\/fr\/wp-json\/wp\/v2\/users\/2"}],"replies":[{"embeddable":true,"href":"https:\/\/www.europesays.com\/fr\/wp-json\/wp\/v2\/comments?post=599306"}],"version-history":[{"count":0,"href":"https:\/\/www.europesays.com\/fr\/wp-json\/wp\/v2\/posts\/599306\/revisions"}],"wp:featuredmedia":[{"embeddable":true,"href":"https:\/\/www.europesays.com\/fr\/wp-json\/wp\/v2\/media\/599307"}],"wp:attachment":[{"href":"https:\/\/www.europesays.com\/fr\/wp-json\/wp\/v2\/media?parent=599306"}],"wp:term":[{"taxonomy":"category","embeddable":true,"href":"https:\/\/www.europesays.com\/fr\/wp-json\/wp\/v2\/categories?post=599306"},{"taxonomy":"post_tag","embeddable":true,"href":"https:\/\/www.europesays.com\/fr\/wp-json\/wp\/v2\/tags?post=599306"}],"curies":[{"name":"wp","href":"https:\/\/api.w.org\/{rel}","templated":true}]}}