{"id":59931,"date":"2025-04-28T18:48:17","date_gmt":"2025-04-28T18:48:17","guid":{"rendered":"https:\/\/www.europesays.com\/fr\/59931\/"},"modified":"2025-04-28T18:48:17","modified_gmt":"2025-04-28T18:48:17","slug":"pour-un-1er-mai-revolutionnaire-et-anti-guerre","status":"publish","type":"post","link":"https:\/\/www.europesays.com\/fr\/59931\/","title":{"rendered":"pour un 1er Mai r\u00e9volutionnaire et anti-guerre"},"content":{"rendered":"<p>\t\t<img loading=\"lazy\" decoding=\"async\" width=\"1000\" height=\"1000\" data-attachment-id=\"92369\" data-permalink=\"https:\/\/contre-attaque.net\/2025\/04\/28\/nantes-pour-un-1er-mai-revolutionnaire-et-anti-guerre\/image-300\/\" data-orig-file=\"https:\/\/www.europesays.com\/fr\/wp-content\/uploads\/2025\/04\/image-6.jpg\" data-orig-size=\"1000,1000\" data-comments-opened=\"0\" data-image-meta=\"{&quot;aperture&quot;:&quot;0&quot;,&quot;credit&quot;:&quot;&quot;,&quot;camera&quot;:&quot;&quot;,&quot;caption&quot;:&quot;&quot;,&quot;created_timestamp&quot;:&quot;0&quot;,&quot;copyright&quot;:&quot;&quot;,&quot;focal_length&quot;:&quot;0&quot;,&quot;iso&quot;:&quot;0&quot;,&quot;shutter_speed&quot;:&quot;0&quot;,&quot;title&quot;:&quot;&quot;,&quot;orientation&quot;:&quot;0&quot;}\" data-image-title=\"image\" data-image-description=\"\" data-image-caption=\"\" data-medium-file=\"https:\/\/contre-attaque.net\/wp-content\/uploads\/2025\/04\/image-6-300x300.jpg\" data-large-file=\"https:\/\/www.europesays.com\/fr\/wp-content\/uploads\/2025\/04\/image-6.jpg\" src=\"https:\/\/www.europesays.com\/fr\/wp-content\/uploads\/2025\/04\/image-6.jpg\" alt=\"Un fumig\u00e8ne pour le premier mai \u00e0 Nantes\" class=\"wp-image-92369\"  \/><\/p>\n<p><a href=\"https:\/\/contre-attaque.net\/2021\/05\/01\/les-origines-revolutionnaires-du-premier-mai\/\" target=\"_blank\" rel=\"noopener\">Le 1er Mai est la journ\u00e9e internationale des droits des travailleuses et des travailleurs<\/a>. N\u00e9e d\u2019une gr\u00e8ve insurrectionnelle \u00e0 Chicago qui a \u00e9t\u00e9 f\u00e9rocement r\u00e9prim\u00e9e, cette date s\u2019est r\u00e9pandue dans le monde entier. Elle c\u00e9l\u00e8bre chaque ann\u00e9e la solidarit\u00e9 entre les peuples.<\/p>\n<p>En 2025, les nuages noirs de la guerre sont chaque jour plus mena\u00e7ants, les r\u00e9gimes imp\u00e9rialistes s\u00e8ment la violence et la barbarie, un g\u00e9nocide se d\u00e9roule sous nos yeux, l\u2019extr\u00eame droite se hisse au pouvoir dans de nombreux pays\u2026 et nos dirigeants parlent de r\u00e9armement tout en d\u00e9bloquant des milliards pour l\u2019\u00e9conomie de guerre.<\/p>\n<p>Il n\u2019a donc jamais \u00e9t\u00e9 aussi urgent de faire vivre l\u2019internationalisme\u00a0: de rappeler que les opprim\u00e9s n\u2019ont aucun int\u00e9r\u00eat dans les conflits militaires, et tout \u00e0 gagner dans la guerre sociale contre les riches et les puissants.<\/p>\n<p>\u00c0 Nantes, la manifestation du 1er mai d\u00e9marrera \u00e0 10h30 au Miroir d\u2019eau. Rejoignez le cort\u00e8ge de t\u00eate contre la guerre et le colonialisme et pour l\u2019amiti\u00e9 entre les peuples. Pour un 1er mai r\u00e9volutionnaire et internationaliste. Amenez des pancartes, des banderoles, de quoi peindre, diffuser de la musique et vous faire entendre\u00a0!<\/p>\n<p>Attention\u00a0: il n\u2019y a aucun transport en commun le 1er mai, pr\u00e9voyez votre trajet \u00e0 l\u2019avance. Attention aux contr\u00f4les de police, fr\u00e9quents ce jours l\u00e0 aux abords du point de rendez-vous.<\/p>\n","protected":false},"excerpt":{"rendered":"Le 1er Mai est la journ\u00e9e internationale des droits des travailleuses et des travailleurs. N\u00e9e d\u2019une gr\u00e8ve insurrectionnelle&hellip;\n","protected":false},"author":2,"featured_media":59932,"comment_status":"","ping_status":"","sticky":false,"template":"","format":"standard","meta":{"footnotes":""},"categories":[2818],"tags":[1111,11,1777,674,1011,27,15663,766,12,2636,14112,25],"class_list":{"0":"post-59931","1":"post","2":"type-post","3":"status-publish","4":"format-standard","5":"has-post-thumbnail","7":"category-nantes","8":"tag-actu","9":"tag-actualites","10":"tag-eu","11":"tag-europe","12":"tag-fr","13":"tag-france","14":"tag-internationalisme","15":"tag-nantes","16":"tag-news","17":"tag-pays-de-la-loire","18":"tag-premier-mai","19":"tag-republique-francaise"},"share_on_mastodon":{"url":"https:\/\/pubeurope.com\/@fr\/114417087511279554","error":""},"_links":{"self":[{"href":"https:\/\/www.europesays.com\/fr\/wp-json\/wp\/v2\/posts\/59931","targetHints":{"allow":["GET"]}}],"collection":[{"href":"https:\/\/www.europesays.com\/fr\/wp-json\/wp\/v2\/posts"}],"about":[{"href":"https:\/\/www.europesays.com\/fr\/wp-json\/wp\/v2\/types\/post"}],"author":[{"embeddable":true,"href":"https:\/\/www.europesays.com\/fr\/wp-json\/wp\/v2\/users\/2"}],"replies":[{"embeddable":true,"href":"https:\/\/www.europesays.com\/fr\/wp-json\/wp\/v2\/comments?post=59931"}],"version-history":[{"count":0,"href":"https:\/\/www.europesays.com\/fr\/wp-json\/wp\/v2\/posts\/59931\/revisions"}],"wp:featuredmedia":[{"embeddable":true,"href":"https:\/\/www.europesays.com\/fr\/wp-json\/wp\/v2\/media\/59932"}],"wp:attachment":[{"href":"https:\/\/www.europesays.com\/fr\/wp-json\/wp\/v2\/media?parent=59931"}],"wp:term":[{"taxonomy":"category","embeddable":true,"href":"https:\/\/www.europesays.com\/fr\/wp-json\/wp\/v2\/categories?post=59931"},{"taxonomy":"post_tag","embeddable":true,"href":"https:\/\/www.europesays.com\/fr\/wp-json\/wp\/v2\/tags?post=59931"}],"curies":[{"name":"wp","href":"https:\/\/api.w.org\/{rel}","templated":true}]}}