{"id":599312,"date":"2025-12-14T19:39:40","date_gmt":"2025-12-14T19:39:40","guid":{"rendered":"https:\/\/www.europesays.com\/fr\/599312\/"},"modified":"2025-12-14T19:39:40","modified_gmt":"2025-12-14T19:39:40","slug":"de-la-radio-et-de-la-television","status":"publish","type":"post","link":"https:\/\/www.europesays.com\/fr\/599312\/","title":{"rendered":"de la radio et de la t\u00e9l\u00e9vision"},"content":{"rendered":"<p>La matinale \u00ab ICI matin Lorraine \u00bb (Meurthe-et-Moselle et Vosges) devient une \u00e9mission\u2026 visible. \u00c0 partir de ce lundi 15 d\u00e9cembre 2025, elle sera diffus\u00e9e en direct sur ICI Lorraine (France T\u00e9l\u00e9visions, ex-France 3 Lorraine) et \u00e0 la radio, du lundi au vendredi de 6 h 30 \u00e0 9 h 00. Aux commandes, les auditeurs retrouveront le pr\u00e9sentateur Maxime Veyrier et le journaliste Mathieu Barbier pour l\u2019actualit\u00e9 locale. Ce nouveau format, fruit d\u2019une coop\u00e9ration entre Radio France et France T\u00e9l\u00e9visions, m\u00ealera infos, musique et rendez-vous d\u00e9di\u00e9s au territoire pour les Lorrains.<\/p>\n","protected":false},"excerpt":{"rendered":"La matinale \u00ab ICI matin Lorraine \u00bb (Meurthe-et-Moselle et Vosges) devient une \u00e9mission\u2026 visible. \u00c0 partir de ce&hellip;\n","protected":false},"author":2,"featured_media":599313,"comment_status":"","ping_status":"","sticky":false,"template":"","format":"standard","meta":{"footnotes":""},"categories":[9635],"tags":[1111,11,1704,1777,674,1011,27,775,3457,1702,1703,12,3456,25,104,2205],"class_list":{"0":"post-599312","1":"post","2":"type-post","3":"status-publish","4":"format-standard","5":"has-post-thumbnail","7":"category-nancy","8":"tag-actu","9":"tag-actualites","10":"tag-edition-nancy-et-agglomeration","11":"tag-eu","12":"tag-europe","13":"tag-fr","14":"tag-france","15":"tag-grand-est","16":"tag-meurthe-et-moselle","17":"tag-nancy","18":"tag-nancy-ville-54b","19":"tag-news","20":"tag-region-lorraine","21":"tag-republique-francaise","22":"tag-societe","23":"tag-television-medias"},"share_on_mastodon":{"url":"https:\/\/pubeurope.com\/@fr\/115719619464897416","error":""},"_links":{"self":[{"href":"https:\/\/www.europesays.com\/fr\/wp-json\/wp\/v2\/posts\/599312","targetHints":{"allow":["GET"]}}],"collection":[{"href":"https:\/\/www.europesays.com\/fr\/wp-json\/wp\/v2\/posts"}],"about":[{"href":"https:\/\/www.europesays.com\/fr\/wp-json\/wp\/v2\/types\/post"}],"author":[{"embeddable":true,"href":"https:\/\/www.europesays.com\/fr\/wp-json\/wp\/v2\/users\/2"}],"replies":[{"embeddable":true,"href":"https:\/\/www.europesays.com\/fr\/wp-json\/wp\/v2\/comments?post=599312"}],"version-history":[{"count":0,"href":"https:\/\/www.europesays.com\/fr\/wp-json\/wp\/v2\/posts\/599312\/revisions"}],"wp:featuredmedia":[{"embeddable":true,"href":"https:\/\/www.europesays.com\/fr\/wp-json\/wp\/v2\/media\/599313"}],"wp:attachment":[{"href":"https:\/\/www.europesays.com\/fr\/wp-json\/wp\/v2\/media?parent=599312"}],"wp:term":[{"taxonomy":"category","embeddable":true,"href":"https:\/\/www.europesays.com\/fr\/wp-json\/wp\/v2\/categories?post=599312"},{"taxonomy":"post_tag","embeddable":true,"href":"https:\/\/www.europesays.com\/fr\/wp-json\/wp\/v2\/tags?post=599312"}],"curies":[{"name":"wp","href":"https:\/\/api.w.org\/{rel}","templated":true}]}}