{"id":599324,"date":"2025-12-14T19:45:23","date_gmt":"2025-12-14T19:45:23","guid":{"rendered":"https:\/\/www.europesays.com\/fr\/599324\/"},"modified":"2025-12-14T19:45:23","modified_gmt":"2025-12-14T19:45:23","slug":"quatre-blesses-dans-une-collision-entre-deux-voitures-au-petit-quevilly-pres-de-rouen","status":"publish","type":"post","link":"https:\/\/www.europesays.com\/fr\/599324\/","title":{"rendered":"Quatre bless\u00e9s dans une collision entre deux voitures au Petit-Quevilly, pr\u00e8s de Rouen"},"content":{"rendered":"<p>\t\t\t\t\t Un violent accident de la circulation s\u2019est produit t\u00f4t ce dimanche matin sur le boulevard du 11-Novembre, au Petit-Quevilly (Seine-Maritime). Deux v\u00e9hicules l\u00e9gers sont entr\u00e9s en collision, faisant quatre bless\u00e9s, dont deux personnes rest\u00e9es coinc\u00e9es dans l\u2019habitacle. <\/p>\n<p>Peu apr\u00e8s 6 h 30, d\u2019importants moyens de secours ont \u00e9t\u00e9 mobilis\u00e9s pour porter assistance aux victimes de cet accident de la route. \u00c0 l\u2019arriv\u00e9e des sapeurs-pompiers, deux occupants \u00e9taient pi\u00e9g\u00e9s \u00e0 l\u2019int\u00e9rieur des v\u00e9hicules accident\u00e9s. Ils ont d\u00fb \u00eatre d\u00e9gag\u00e9s \u00e0 l\u2019aide de mat\u00e9riel de d\u00e9sincarc\u00e9ration.\n\t\t\t\t <\/p>\n","protected":false},"excerpt":{"rendered":"Un violent accident de la circulation s\u2019est produit t\u00f4t ce dimanche matin sur le boulevard du 11-Novembre, au&hellip;\n","protected":false},"author":2,"featured_media":599325,"comment_status":"","ping_status":"","sticky":false,"template":"","format":"standard","meta":{"footnotes":""},"categories":[9587],"tags":[119,1111,11,1067,1777,674,118,1011,27,71180,12,5161,1311,25,9590,5163],"class_list":{"0":"post-599324","1":"post","2":"type-post","3":"status-publish","4":"format-standard","5":"has-post-thumbnail","7":"category-rouen","8":"tag-accident","9":"tag-actu","10":"tag-actualites","11":"tag-enquete","12":"tag-eu","13":"tag-europe","14":"tag-faits-divers","15":"tag-fr","16":"tag-france","17":"tag-le-petit-quevilly","18":"tag-news","19":"tag-normandie","20":"tag-pompiers","21":"tag-republique-francaise","22":"tag-rouen","23":"tag-seine-maritime"},"share_on_mastodon":{"url":"https:\/\/pubeurope.com\/@fr\/115719643177072910","error":""},"_links":{"self":[{"href":"https:\/\/www.europesays.com\/fr\/wp-json\/wp\/v2\/posts\/599324","targetHints":{"allow":["GET"]}}],"collection":[{"href":"https:\/\/www.europesays.com\/fr\/wp-json\/wp\/v2\/posts"}],"about":[{"href":"https:\/\/www.europesays.com\/fr\/wp-json\/wp\/v2\/types\/post"}],"author":[{"embeddable":true,"href":"https:\/\/www.europesays.com\/fr\/wp-json\/wp\/v2\/users\/2"}],"replies":[{"embeddable":true,"href":"https:\/\/www.europesays.com\/fr\/wp-json\/wp\/v2\/comments?post=599324"}],"version-history":[{"count":0,"href":"https:\/\/www.europesays.com\/fr\/wp-json\/wp\/v2\/posts\/599324\/revisions"}],"wp:featuredmedia":[{"embeddable":true,"href":"https:\/\/www.europesays.com\/fr\/wp-json\/wp\/v2\/media\/599325"}],"wp:attachment":[{"href":"https:\/\/www.europesays.com\/fr\/wp-json\/wp\/v2\/media?parent=599324"}],"wp:term":[{"taxonomy":"category","embeddable":true,"href":"https:\/\/www.europesays.com\/fr\/wp-json\/wp\/v2\/categories?post=599324"},{"taxonomy":"post_tag","embeddable":true,"href":"https:\/\/www.europesays.com\/fr\/wp-json\/wp\/v2\/tags?post=599324"}],"curies":[{"name":"wp","href":"https:\/\/api.w.org\/{rel}","templated":true}]}}