{"id":599336,"date":"2025-12-14T19:53:25","date_gmt":"2025-12-14T19:53:25","guid":{"rendered":"https:\/\/www.europesays.com\/fr\/599336\/"},"modified":"2025-12-14T19:53:25","modified_gmt":"2025-12-14T19:53:25","slug":"mulhouse-navait-pas-les-armes-pour-lutter-contre-lasptt-strasbourg","status":"publish","type":"post","link":"https:\/\/www.europesays.com\/fr\/599336\/","title":{"rendered":"Mulhouse n\u2019avait pas les armes pour lutter contre l&rsquo;ASPTT Strasbourg"},"content":{"rendered":"<p>Alors que la victoire exp\u00e9ditive de Daniil Dubovenko dans le simple 1 scellait le cinqui\u00e8me point et donc la victoire de ses prot\u00e9g\u00e9s, Julien Fuchs affichait un triomphe modeste. \u00ab\u00a0On se doutait que certains matches seraient d\u00e9s\u00e9quilibr\u00e9s\u00a0\u00bb, temp\u00e8re le capitaine strasbourgeois. \u00ab\u00a0Comme on a un effectif plus cons\u00e9quent qu\u2019eux, les absences ont davantage p\u00e9nalis\u00e9 Mulhouse que nous.\u00a0\u00bb<\/p>\n<p>En plus des soeurs Stoeva engag\u00e9es en Inde, le leader \u00e9tait priv\u00e9 d\u2019Alex Lanier. Le champion d\u2019Europe de simple, pr\u00e9sent en supporter au grand bonheur des amateurs de selfies, a d\u00fb renoncer en derni\u00e8re minute pour&#8230;<\/p>\n","protected":false},"excerpt":{"rendered":"Alors que la victoire exp\u00e9ditive de Daniil Dubovenko dans le simple 1 scellait le cinqui\u00e8me point et donc&hellip;\n","protected":false},"author":2,"featured_media":599337,"comment_status":"","ping_status":"","sticky":false,"template":"","format":"standard","meta":{"footnotes":""},"categories":[2820],"tags":[1111,11,5406,1777,674,107,1011,27,775,12,25,517,640],"class_list":{"0":"post-599336","1":"post","2":"type-post","3":"status-publish","4":"format-standard","5":"has-post-thumbnail","7":"category-strasbourg","8":"tag-actu","9":"tag-actualites","10":"tag-badminton","11":"tag-eu","12":"tag-europe","13":"tag-fil-info","14":"tag-fr","15":"tag-france","16":"tag-grand-est","17":"tag-news","18":"tag-republique-francaise","19":"tag-sport","20":"tag-strasbourg"},"share_on_mastodon":{"url":"https:\/\/pubeurope.com\/@fr\/115719674546084852","error":""},"_links":{"self":[{"href":"https:\/\/www.europesays.com\/fr\/wp-json\/wp\/v2\/posts\/599336","targetHints":{"allow":["GET"]}}],"collection":[{"href":"https:\/\/www.europesays.com\/fr\/wp-json\/wp\/v2\/posts"}],"about":[{"href":"https:\/\/www.europesays.com\/fr\/wp-json\/wp\/v2\/types\/post"}],"author":[{"embeddable":true,"href":"https:\/\/www.europesays.com\/fr\/wp-json\/wp\/v2\/users\/2"}],"replies":[{"embeddable":true,"href":"https:\/\/www.europesays.com\/fr\/wp-json\/wp\/v2\/comments?post=599336"}],"version-history":[{"count":0,"href":"https:\/\/www.europesays.com\/fr\/wp-json\/wp\/v2\/posts\/599336\/revisions"}],"wp:featuredmedia":[{"embeddable":true,"href":"https:\/\/www.europesays.com\/fr\/wp-json\/wp\/v2\/media\/599337"}],"wp:attachment":[{"href":"https:\/\/www.europesays.com\/fr\/wp-json\/wp\/v2\/media?parent=599336"}],"wp:term":[{"taxonomy":"category","embeddable":true,"href":"https:\/\/www.europesays.com\/fr\/wp-json\/wp\/v2\/categories?post=599336"},{"taxonomy":"post_tag","embeddable":true,"href":"https:\/\/www.europesays.com\/fr\/wp-json\/wp\/v2\/tags?post=599336"}],"curies":[{"name":"wp","href":"https:\/\/api.w.org\/{rel}","templated":true}]}}