{"id":599342,"date":"2025-12-14T19:56:19","date_gmt":"2025-12-14T19:56:19","guid":{"rendered":"https:\/\/www.europesays.com\/fr\/599342\/"},"modified":"2025-12-14T19:56:19","modified_gmt":"2025-12-14T19:56:19","slug":"abus-pedocriminels-a-saint-stanislas-deux-plaques-commemoratives-seront-installees","status":"publish","type":"post","link":"https:\/\/www.europesays.com\/fr\/599342\/","title":{"rendered":"Abus p\u00e9docriminels \u00e0 Saint-Stanislas\u00a0: deux plaques comm\u00e9moratives seront install\u00e9es"},"content":{"rendered":"<tr wp_automatic_readability=\"2.9285714285714\">\n<td valign=\"middle\" align=\"center\" class=\"col-logo\">\n    <img decoding=\"async\" src=\"https:\/\/www.europesays.com\/fr\/wp-content\/uploads\/2025\/04\/presse-ocean.gif\" alt=\"logo Presse-Oc\u00e9an\" height=\"66\"\/><\/p>\n<\/td>\n<td class=\"col-titre\">\n\t\t\tDimanche 14 d\u00e9cembre 2025 18:54<br \/>\n\t\t\t<a class=\"icon-bulle sizeL count\" href=\"#ancreAvis\"><br \/>\n\t&#8230;<br \/>\n<\/a><\/td>\n<\/tr>\n<p>\t\t<a class=\"mavillebox2 elmt-photo\" href=\"https:\/\/maville.com\/photosmvi\/2025\/12\/14\/P35639522D7109076G.jpg\" title=\" Deux plaques seront install\u00e9es, \u00ab\u00a0pour ne pas oublier\u00a0\u00bb les victimes.  \u00a9  Photo archives PO-NB  \" rel=\"galerie_actu noopener\" target=\"_blank\"><br \/>\n\t<img decoding=\"async\" src=\"https:\/\/www.europesays.com\/fr\/wp-content\/uploads\/2025\/12\/P35639522D7109076G_crop_640-330_.jpg\" alt=\"photo  deux plaques seront install\u00e9es, \u00ab\u00a0pour ne pas oublier\u00a0\u00bb les victimes.  \u00a9  photo archives po-nb \"\/><br \/>\n\t1<br \/>\n<\/a><\/p>\n<p class=\"elmt-legende\"> Deux plaques seront install\u00e9es, \u00ab\u00a0pour ne pas oublier\u00a0\u00bb les victimes.  \u00a9  Photo archives PO-NB  <\/p>\n<p>\t\tC\u2019\u00e9tait la premi\u00e8re fois qu\u2019ils retournaient dans l\u2019\u00e9tablissement o\u00f9 ils disent avoir \u00e9t\u00e9 victimes d\u2019abus p\u00e9docriminels. Samedi 13\u00a0d\u00e9cembre 2025, le collectif \u00ab\u00a0Saint-Stanislas, victimes de l\u2019institution\u00a0\u00bb \u00e9tait re\u00e7u par la direction du coll\u00e8ge et lyc\u00e9e.<\/p>\n<p><b>Cet article est r\u00e9serv\u00e9 aux abonn\u00e9s<\/b><\/p>\n<p>Pour un acc\u00e8s imm\u00e9diat, abonnez-vous<\/p>\n<p><b>1\u00e8re semaine offerte<\/b><\/p>\n<p>\t\t Marianne Dardard \u00a0\u00a0<br \/>\n\t\tPresse-Oc\u00e9an<\/p>\n<p>Retrouvez d&rsquo;autres actus sur la commune de :<\/p>\n<p>\t\t&#13;<\/p>\n","protected":false},"excerpt":{"rendered":"Dimanche 14 d\u00e9cembre 2025 18:54 &#8230; 1 Deux plaques seront install\u00e9es, \u00ab\u00a0pour ne pas oublier\u00a0\u00bb les victimes. \u00a9&hellip;\n","protected":false},"author":2,"featured_media":599343,"comment_status":"","ping_status":"","sticky":false,"template":"","format":"standard","meta":{"footnotes":""},"categories":[2818],"tags":[48978,1111,11,71182,1777,674,1011,27,2365,766,12,2636,71181,61278,25,3272,50234],"class_list":{"0":"post-599342","1":"post","2":"type-post","3":"status-publish","4":"format-standard","5":"has-post-thumbnail","7":"category-nantes","8":"tag-abus","9":"tag-actu","10":"tag-actualites","11":"tag-commemoratives","12":"tag-eu","13":"tag-europe","14":"tag-fr","15":"tag-france","16":"tag-installees","17":"tag-nantes","18":"tag-news","19":"tag-pays-de-la-loire","20":"tag-pedocriminels","21":"tag-plaques","22":"tag-republique-francaise","23":"tag-saint-nazaire","24":"tag-saint-stanislas"},"share_on_mastodon":{"url":"https:\/\/pubeurope.com\/@fr\/115719687343943538","error":""},"_links":{"self":[{"href":"https:\/\/www.europesays.com\/fr\/wp-json\/wp\/v2\/posts\/599342","targetHints":{"allow":["GET"]}}],"collection":[{"href":"https:\/\/www.europesays.com\/fr\/wp-json\/wp\/v2\/posts"}],"about":[{"href":"https:\/\/www.europesays.com\/fr\/wp-json\/wp\/v2\/types\/post"}],"author":[{"embeddable":true,"href":"https:\/\/www.europesays.com\/fr\/wp-json\/wp\/v2\/users\/2"}],"replies":[{"embeddable":true,"href":"https:\/\/www.europesays.com\/fr\/wp-json\/wp\/v2\/comments?post=599342"}],"version-history":[{"count":0,"href":"https:\/\/www.europesays.com\/fr\/wp-json\/wp\/v2\/posts\/599342\/revisions"}],"wp:featuredmedia":[{"embeddable":true,"href":"https:\/\/www.europesays.com\/fr\/wp-json\/wp\/v2\/media\/599343"}],"wp:attachment":[{"href":"https:\/\/www.europesays.com\/fr\/wp-json\/wp\/v2\/media?parent=599342"}],"wp:term":[{"taxonomy":"category","embeddable":true,"href":"https:\/\/www.europesays.com\/fr\/wp-json\/wp\/v2\/categories?post=599342"},{"taxonomy":"post_tag","embeddable":true,"href":"https:\/\/www.europesays.com\/fr\/wp-json\/wp\/v2\/tags?post=599342"}],"curies":[{"name":"wp","href":"https:\/\/api.w.org\/{rel}","templated":true}]}}