{"id":599350,"date":"2025-12-14T20:00:39","date_gmt":"2025-12-14T20:00:39","guid":{"rendered":"https:\/\/www.europesays.com\/fr\/599350\/"},"modified":"2025-12-14T20:00:39","modified_gmt":"2025-12-14T20:00:39","slug":"cet-auteur-de-toulouse-fait-redecouvrir-70-peintres-doccitanie","status":"publish","type":"post","link":"https:\/\/www.europesays.com\/fr\/599350\/","title":{"rendered":"cet auteur de Toulouse fait (re)d\u00e9couvrir 70 peintres d&rsquo;Occitanie"},"content":{"rendered":"<p>                    Par<br \/>\n        <strong><br \/>\n            <a href=\"https:\/\/actu.fr\/auteur\/redaction-toulouse\" title=\"Consulter tous les articles de R\u00e9daction de Toulouse\" target=\"_blank\" rel=\"noopener\">R\u00e9daction de Toulouse<\/a><br \/>\n                    <\/strong><\/p>\n<p>        Publi\u00e9 le<\/p>\n<p>            14 d\u00e9c. 2025 \u00e0 16h26        <\/p>\n<p>Articul\u00e9 autour de diff\u00e9rentes collections sur l\u2019histoire et la valorisation des patrimoines r\u00e9gionaux, le programme \u00e9ditorial du Papillon Rouge a toujours fait la part belle \u00e0 la peinture. Son directeur-fondateur <strong>Hubert Delobette<\/strong> a \u00e9dit\u00e9 divers \u00ab\u00a0beaux-livres\u00a0\u00bb sur le sujet : Le Grand Toulouse et ses peintres, Le Grand Montpellier et ses peintres, Peintres et couleurs de Camargue, Peintres et couleurs du Salagou\u2026 Son dernier ouvrage, La vie des Occitans sous le pinceau des peintres, sorti le mois dernier, dresse un panorama de <strong>270 tableaux<\/strong> comme autant de sc\u00e8nes du quotidien occitan des XIXe et XXe si\u00e8cles.<\/p>\n<p>Une ode \u00e0 la vie simple\u00a0<\/p>\n<p class=\" wall-content\">\u00ab\u00a0C\u2019est un livre grand public sans fioriture, une ode \u00e0 la vie simple, \u00e0 la nostalgie, \u00e0 l\u2019enfance magnifi\u00e9e par une centaine de peintres de la r\u00e9gion. On y voit aussi bien des joueurs de belote dans un bistrot que des vendangeurs taillant la vigne, des enfants en train de lire ou batifolant sur une plage\u2026 J\u2019ai grandi \u00e0 La Boissi\u00e8re, un petit village h\u00e9raultais au nord-ouest de Montpellier. Je garde en m\u00e9moire ces ann\u00e9es heureuses, aim\u00e9 et entour\u00e9 de mes parents et grands-parents, cette atmosph\u00e8re champ\u00eatre o\u00f9 on prenait le temps de vivre\u00a0\u00bb.<\/p>\n<p>Henri Martin, Fr\u00e9d\u00e9ric Bazille\u2026<\/p>\n<p class=\" wall-content\">Parmi les 70 peintres, on retrouve des figures incontournables tels que le Montalbanais Jean-Auguste-Dominique Ingres, l\u2019Albigeois Henri de Toulouse-Lautrec, le Banyulenc (natif de Banyuls-sur-Mer, dans les Pyr\u00e9n\u00e9es-Orientales) Aristide Maillol ou encore le Toulousain Henri Martin et ses toiles iconiques expos\u00e9es au Capitole : Les R\u00eaveurs mettant en sc\u00e8ne sa famille et ses amis au bord de la Garonne, et Les Faucheurs ou l\u2019\u00c9t\u00e9, repr\u00e9sentant des hommes en chemise blanche et chapeau de paille, \u00e0 la t\u00e2che, pendant que des adolescentes s\u2019amusent.<\/p>\n<p class=\" wall-content\">D\u2019autres artistes haut-garonnais sont aussi repr\u00e9sent\u00e9s \u00e0 l\u2019instar de Ren\u00e9e Aspe, Lucien Vieillard ou Raymond Espinasse, l\u2019un des trois mousquetaires de l\u2019\u00c9cole toulousaine au XXe si\u00e8cle avec Raoul Bergougnan (le p\u00e8re de l\u2019ancien rugbyman Yves Bergougnan, le Antoine Dupont de l\u2019apr\u00e8s-guerre) et Marc Saint-Sa\u00ebns.<\/p>\n<p>Les Blanchisseuses, de Marie Petiet<\/p>\n<p class=\" wall-content\">\u00ab\u00a0Je garde aussi une tendresse particuli\u00e8re pour Fran\u00e7ois Gauzi (1862-1933), natif de Fronton, proche d\u2019Henri Rachou et de Toulouse-Lautrec, Marie Petiet (1854-1893), originaire de Limoux (Aude) qui illustre la couverture du livre avec son tableau Les Blanchisseuses (1882) dans lequel elle restitue une ambiance f\u00e9minine tendre, \u00e0 la fois complice et jeune, insouciante et gaie. Je citerai encore le Montpelli\u00e9rain Fr\u00e9d\u00e9ric Bazille (1841-1870) qui a r\u00e9alis\u00e9 des toiles tr\u00e8s color\u00e9es et pleines de vie comme R\u00e9union de famille, et La liseuse endormie de Jean Hugo (arri\u00e8re-petit-fils de Victor Hugo, install\u00e9 \u00e0 Lunel dans le Gard), r\u00e9alis\u00e9 en 1972, qui repr\u00e9sente sa fille, un livre \u00e0 la main qui s\u2019endort\u00a0\u00bb.<\/p>\n<p class=\" wall-content\"><b>Mathieu ARNAL<\/b><\/p>\n<p>Hubert Delobette, La vie des Occitans sous le pinceau des peintres, Papillon Rouge Editeur, 220 pages, 32 \u20ac.<\/p>\n<p class=\" wall-content\">Personnalisez votre actualit\u00e9 en ajoutant vos villes et m\u00e9dias en favori avec <a href=\"https:\/\/moncompte.actu.fr\" title=\"D\u00e9couvez Mon Actu\" rel=\"nofollow noopener\" data-trk=\"{&quot;cta&quot;:{&quot;action&quot;:&quot;https:\\\/\\\/moncompte.actu.fr&quot;,&quot;category&quot;:&quot;mon compte&quot;,&quot;from&quot;:&quot;article footer&quot;,&quot;name&quot;:&quot;Mon actu&quot;,&quot;type&quot;:&quot;cta&quot;}}\" target=\"_blank\">Mon Actu<\/a>.<\/p>\n","protected":false},"excerpt":{"rendered":"Par R\u00e9daction de Toulouse Publi\u00e9 le 14 d\u00e9c. 2025 \u00e0 16h26 Articul\u00e9 autour de diff\u00e9rentes collections sur l\u2019histoire&hellip;\n","protected":false},"author":2,"featured_media":599351,"comment_status":"","ping_status":"","sticky":false,"template":"","format":"standard","meta":{"footnotes":""},"categories":[2816],"tags":[1111,11,1777,674,1011,27,937,1380,12,2680,25,104,2312],"class_list":{"0":"post-599350","1":"post","2":"type-post","3":"status-publish","4":"format-standard","5":"has-post-thumbnail","7":"category-toulouse","8":"tag-actu","9":"tag-actualites","10":"tag-eu","11":"tag-europe","12":"tag-fr","13":"tag-france","14":"tag-histoire","15":"tag-livres","16":"tag-news","17":"tag-occitanie","18":"tag-republique-francaise","19":"tag-societe","20":"tag-toulouse"},"share_on_mastodon":{"url":"https:\/\/pubeurope.com\/@fr\/115719702004343466","error":""},"_links":{"self":[{"href":"https:\/\/www.europesays.com\/fr\/wp-json\/wp\/v2\/posts\/599350","targetHints":{"allow":["GET"]}}],"collection":[{"href":"https:\/\/www.europesays.com\/fr\/wp-json\/wp\/v2\/posts"}],"about":[{"href":"https:\/\/www.europesays.com\/fr\/wp-json\/wp\/v2\/types\/post"}],"author":[{"embeddable":true,"href":"https:\/\/www.europesays.com\/fr\/wp-json\/wp\/v2\/users\/2"}],"replies":[{"embeddable":true,"href":"https:\/\/www.europesays.com\/fr\/wp-json\/wp\/v2\/comments?post=599350"}],"version-history":[{"count":0,"href":"https:\/\/www.europesays.com\/fr\/wp-json\/wp\/v2\/posts\/599350\/revisions"}],"wp:featuredmedia":[{"embeddable":true,"href":"https:\/\/www.europesays.com\/fr\/wp-json\/wp\/v2\/media\/599351"}],"wp:attachment":[{"href":"https:\/\/www.europesays.com\/fr\/wp-json\/wp\/v2\/media?parent=599350"}],"wp:term":[{"taxonomy":"category","embeddable":true,"href":"https:\/\/www.europesays.com\/fr\/wp-json\/wp\/v2\/categories?post=599350"},{"taxonomy":"post_tag","embeddable":true,"href":"https:\/\/www.europesays.com\/fr\/wp-json\/wp\/v2\/tags?post=599350"}],"curies":[{"name":"wp","href":"https:\/\/api.w.org\/{rel}","templated":true}]}}