{"id":599356,"date":"2025-12-14T20:05:31","date_gmt":"2025-12-14T20:05:31","guid":{"rendered":"https:\/\/www.europesays.com\/fr\/599356\/"},"modified":"2025-12-14T20:05:31","modified_gmt":"2025-12-14T20:05:31","slug":"nous-refusons-la-fatalite-du-deni-et-le-piege-de-lexces","status":"publish","type":"post","link":"https:\/\/www.europesays.com\/fr\/599356\/","title":{"rendered":"\u00ab Nous refusons la fatalit\u00e9 du d\u00e9ni et le pi\u00e8ge de l\u2019exc\u00e8s \u00bb"},"content":{"rendered":"\n<p> \u00ab La Marseillaise \u00bb, journal de progr\u00e8s, fond\u00e9 dans la R\u00e9sistance, ne transige pas avec l\u2019extr\u00eame droite. Apr\u00e8s la pol\u00e9mique d\u00e9clench\u00e9e par les propos de Martine Vassal, femme de droite, sur le RN, nous publions cette tribune o\u00f9 la candidate \u00e0 la mairie de Marseille r\u00e9affirme son positionnement r\u00e9publicain par-del\u00e0 les d\u00e9saccords et les divergences.\n              <\/p>\n<p>\u00c0 l\u2019heure o\u00f9 notre soci\u00e9t\u00e9 s\u2019interroge sur son avenir et sur la capacit\u00e9 du monde politique \u00e0 changer les choses, nous avons une responsabilit\u00e9 immense. Nous, \u00e9lus et citoyens marseillais, nous devons nous lever pour refuser la prise en otage de Marseille.<\/p>\n<p>Nous ne pouvons pas nous r\u00e9signer au d\u00e9ni coupable de la gauche et de l\u2019extr\u00eame gauche et \u00e0 l\u2019exc\u00e8s st\u00e9rile du Rassemblement national. Les Marseillaises et les Marseillais doivent avoir le choix du courage du rassemblement et de la comp\u00e9tence pour r\u00e9ussir. Marseille ne doit pas subir l\u2019union du d\u00e9sordre scell\u00e9e par la majorit\u00e9 sortante et l\u2019extr\u00eame gauche dans l\u2019indiff\u00e9rence totale. Leur politique n\u2019est pas une r\u00e9ponse, c\u2019est une d\u00e9mission. C\u2019est le r\u00e8gne du d\u00e9ni.<\/p>\n<p>Le d\u00e9ni de l\u2019ins\u00e9curit\u00e9 qui mine nos quartiers, le d\u00e9ni du laxisme qui envahit nos rues, le d\u00e9ni id\u00e9ologique qui pi\u00e9tine nos traditions et s\u00e8me la division. Quand les Marseillais r\u00e9clament de l\u2019ordre, cette union r\u00e9pond par l\u2019id\u00e9ologie. Elle pr\u00f4ne le d\u00e9sarmement de la police municipale, elle entrave la vid\u00e9oprotection, elle ose affirmer que \u00ab\u00a0la police tue\u00a0\u00bb.<\/p>\n<p>Ce n\u2019est pas seulement de l\u2019incomp\u00e9tence, c\u2019est une faute morale qui installe le d\u00e9sordre durablement. En refusant d\u2019agir, ils abandonnent les plus fragiles d\u2019entre nous. Ils nient ce que nous sommes, pr\u00e9f\u00e9rant la haine et le d\u00e9sordre \u00e0 la fiert\u00e9 d\u2019\u00eatre Marseillais et Fran\u00e7ais.<\/p>\n<p>Marseille souffre aujourd\u2019hui d\u2019un d\u00e9classement, du d\u00e9ni qui entretient la culture de l\u2019excuse, l\u2019acceptation de l\u2019inacceptable notamment en termes de s\u00e9curit\u00e9.<\/p>\n<p> Une Marseille unie, fraternelle\n              <\/p>\n<p>Face \u00e0 ce d\u00e9ni, le Rassemblement national ne propose qu\u2019un vertige\u00a0: celui de l\u2019exc\u00e8s. L\u2019exc\u00e8s dans les mots, l\u2019exc\u00e8s dans la posture, l\u2019exc\u00e8s pour seul horizon. Mais la col\u00e8re n\u2019est pas un projet. Dire que tout va mal ne suffit pas \u00e0 r\u00e9parer Marseille.<\/p>\n<p>Leur r\u00e9ponse est une fuite en avant. Proposer l\u2019\u00e9tat d\u2019urgence permanent ou vouloir confiner les citoyens, ce n\u2019est pas r\u00e9tablir l\u2019ordre, c\u2019est sacrifier nos libert\u00e9s. L\u00e0 o\u00f9 la gauche s\u2019enferme dans le d\u00e9ni, le RN l\u2019instrumentalise et le caricature pour mieux fracturer notre soci\u00e9t\u00e9.<\/p>\n<p>Nous refusons que Marseille ait \u00e0 choisir entre l\u2019incurie qui laisse faire et l\u2019agitation qui ne r\u00e9sout rien. Entre le d\u00e9ni et l\u2019exc\u00e8s, il existe une autre voie. La seule digne de notre histoire\u00a0: celle du courage et de la responsabilit\u00e9 car Marseille ne peut plus se permettre l\u2019aventure et l\u2019impr\u00e9paration.<\/p>\n<p>Nous portons une esp\u00e9rance\u00a0: celle d\u2019une Marseille qui ne baisse pas les yeux, celle d\u2019une Marseille fi\u00e8re, retrouv\u00e9e. Celle d\u2019une Marseille qui r\u00e9ussit. Une Marseille unie, fraternelle.<\/p>\n<p>Nous voulons l\u2019apaisement pour recoudre ce que les extr\u00eames d\u00e9chirent. Nous voulons lib\u00e9rer les \u00e9nergies, pour que le travail \u00e9mancipe et que l\u2019assistanat cesse d\u2019encha\u00eener les destins. Mais surtout, nous voulons restaurer l\u2019autorit\u00e9. Non pas l\u2019autoritarisme bruyant et grotesque, mais cette autorit\u00e9 r\u00e9publicaine, ferme, juste et sans concession, qui est le socle indispensable de nos libert\u00e9s. C\u2019est elle qui prot\u00e8ge, c\u2019est elle qui met fin au d\u00e9ni et au laxisme.<\/p>\n<p>Marseille m\u00e9rite mieux. Marseille n\u2019est pas une ville d\u2019exp\u00e9rimentation politique pour les aventuriers. Elle m\u00e9rite mieux que ce saut dans l\u2019inconnu.<\/p>\n<p>Contre les postures et le cynisme politique, nous faisons le choix du s\u00e9rieux, du pragmatisme et des r\u00e9sultats.<\/p>\n<p>Pour Marseille, refusons le pi\u00e8ge du d\u00e9ni ou de l\u2019exc\u00e8s. Choisissons la grandeur de son destin.<\/p>\n<p>Marseille je t\u2019aime.<\/p>\n","protected":false},"excerpt":{"rendered":"\u00ab La Marseillaise \u00bb, journal de progr\u00e8s, fond\u00e9 dans la R\u00e9sistance, ne transige pas avec l\u2019extr\u00eame droite. Apr\u00e8s&hellip;\n","protected":false},"author":2,"featured_media":599357,"comment_status":"","ping_status":"","sticky":false,"template":"","format":"standard","meta":{"footnotes":""},"categories":[2814],"tags":[1111,11,1777,674,1011,27,884,12,882,25,5030],"class_list":{"0":"post-599356","1":"post","2":"type-post","3":"status-publish","4":"format-standard","5":"has-post-thumbnail","7":"category-marseille","8":"tag-actu","9":"tag-actualites","10":"tag-eu","11":"tag-europe","12":"tag-fr","13":"tag-france","14":"tag-marseille","15":"tag-news","16":"tag-provence-alpes-cote-dazur","17":"tag-republique-francaise","18":"tag-tribune"},"share_on_mastodon":{"url":"https:\/\/pubeurope.com\/@fr\/115719721592018310","error":""},"_links":{"self":[{"href":"https:\/\/www.europesays.com\/fr\/wp-json\/wp\/v2\/posts\/599356","targetHints":{"allow":["GET"]}}],"collection":[{"href":"https:\/\/www.europesays.com\/fr\/wp-json\/wp\/v2\/posts"}],"about":[{"href":"https:\/\/www.europesays.com\/fr\/wp-json\/wp\/v2\/types\/post"}],"author":[{"embeddable":true,"href":"https:\/\/www.europesays.com\/fr\/wp-json\/wp\/v2\/users\/2"}],"replies":[{"embeddable":true,"href":"https:\/\/www.europesays.com\/fr\/wp-json\/wp\/v2\/comments?post=599356"}],"version-history":[{"count":0,"href":"https:\/\/www.europesays.com\/fr\/wp-json\/wp\/v2\/posts\/599356\/revisions"}],"wp:featuredmedia":[{"embeddable":true,"href":"https:\/\/www.europesays.com\/fr\/wp-json\/wp\/v2\/media\/599357"}],"wp:attachment":[{"href":"https:\/\/www.europesays.com\/fr\/wp-json\/wp\/v2\/media?parent=599356"}],"wp:term":[{"taxonomy":"category","embeddable":true,"href":"https:\/\/www.europesays.com\/fr\/wp-json\/wp\/v2\/categories?post=599356"},{"taxonomy":"post_tag","embeddable":true,"href":"https:\/\/www.europesays.com\/fr\/wp-json\/wp\/v2\/tags?post=599356"}],"curies":[{"name":"wp","href":"https:\/\/api.w.org\/{rel}","templated":true}]}}