{"id":599362,"date":"2025-12-14T20:10:20","date_gmt":"2025-12-14T20:10:20","guid":{"rendered":"https:\/\/www.europesays.com\/fr\/599362\/"},"modified":"2025-12-14T20:10:20","modified_gmt":"2025-12-14T20:10:20","slug":"lyon-la-fete-juive-hanouka-celebree-place-bellecour-malgre-la-tragedie-de-sydney-la-vie-continue","status":"publish","type":"post","link":"https:\/\/www.europesays.com\/fr\/599362\/","title":{"rendered":"Lyon. La f\u00eate juive Hanouka c\u00e9l\u00e9br\u00e9e place Bellecour malgr\u00e9 la trag\u00e9die de Sydney\u00a0: \u00ab\u00a0la vie continue\u00a0\u00bb"},"content":{"rendered":"<p>Entre 700 et 1\u00a0000 personnes se sont rassembl\u00e9es en fin d\u2019apr\u00e8s-midi, selon les organisateurs. Un chiffre important compte tenu du contexte, marqu\u00e9 par l\u2019inqui\u00e9tude, notamment pour les familles et les personnes \u00e2g\u00e9es. \u00ab\u00a0Beaucoup ont h\u00e9sit\u00e9 \u00e0 venir apr\u00e8s ce qu\u2019ils ont vu ce dimanche matin \u00e0 Sydney. Cela ravive de mauvais souvenirs\u00a0\u00bb, confie Samuel Gurewitz, repr\u00e9sentant de la jeunesse Loubavitch, \u00e0 l\u2019origine de l\u2019organisation de l\u2019\u00e9v\u00e9nement lyonnais.<\/p>\n<p>\u00ab\u00a0La communaut\u00e9 juive est porteuse d\u2019espoir\u00a0\u00bb<\/p>\n<p>Pour le grand rabbin de Lyon, Daniel Dahan, il \u00e9tait essentiel de maintenir ce rendez-vous symbolique. \u00ab\u00a0La communaut\u00e9 juive est porteuse d\u2019espoir. Quand les Juifs quittent un pays, c\u2019est le signe que la soci\u00e9t\u00e9 va mal. Nous faisons tout pour que les Juifs restent en France dans de bonnes conditions, car ce sera le signe que la soci\u00e9t\u00e9 va mieux\u00a0\u00bb, a-t-il d\u00e9clar\u00e9 aux participants. Et de r\u00e9sumer l\u2019\u00e9tat d\u2019esprit de la soir\u00e9e\u00a0: \u00ab\u00a0la vie continue\u00a0\u00bb.<\/p>\n<p><strong>&gt;&gt;\u00a0<a href=\"https:\/\/www.leprogres.fr\/societe\/2025\/12\/14\/attaque-a-sydney-qu-est-ce-que-la-fete-juive-d-hanoucca\" target=\"_blank\" rel=\"noopener\">Attaque \u00e0 Sydney\u00a0: qu&rsquo;est-ce que la f\u00eate juive&#8230;<\/a><\/strong><\/p>\n","protected":false},"excerpt":{"rendered":"Entre 700 et 1\u00a0000 personnes se sont rassembl\u00e9es en fin d\u2019apr\u00e8s-midi, selon les organisateurs. Un chiffre important compte&hellip;\n","protected":false},"author":2,"featured_media":599363,"comment_status":"","ping_status":"","sticky":false,"template":"","format":"standard","meta":{"footnotes":""},"categories":[1889],"tags":[1111,11,2430,1687,2757,1777,674,107,1011,27,2428,2756,12,2661,5889,25,2429,104],"class_list":{"0":"post-599362","1":"post","2":"type-post","3":"status-publish","4":"format-standard","5":"has-post-thumbnail","7":"category-lyon","8":"tag-actu","9":"tag-actualites","10":"tag-auvergne-rhone-alpes","11":"tag-culture-loisirs","12":"tag-edition-lyon-villeurbanne","13":"tag-eu","14":"tag-europe","15":"tag-fil-info","16":"tag-fr","17":"tag-france","18":"tag-lyon","19":"tag-lyon-bassin","20":"tag-news","21":"tag-patrimoine-culturel","22":"tag-religion-croyance","23":"tag-republique-francaise","24":"tag-rhone","25":"tag-societe"},"share_on_mastodon":{"url":"https:\/\/pubeurope.com\/@fr\/115719741306456961","error":""},"_links":{"self":[{"href":"https:\/\/www.europesays.com\/fr\/wp-json\/wp\/v2\/posts\/599362","targetHints":{"allow":["GET"]}}],"collection":[{"href":"https:\/\/www.europesays.com\/fr\/wp-json\/wp\/v2\/posts"}],"about":[{"href":"https:\/\/www.europesays.com\/fr\/wp-json\/wp\/v2\/types\/post"}],"author":[{"embeddable":true,"href":"https:\/\/www.europesays.com\/fr\/wp-json\/wp\/v2\/users\/2"}],"replies":[{"embeddable":true,"href":"https:\/\/www.europesays.com\/fr\/wp-json\/wp\/v2\/comments?post=599362"}],"version-history":[{"count":0,"href":"https:\/\/www.europesays.com\/fr\/wp-json\/wp\/v2\/posts\/599362\/revisions"}],"wp:featuredmedia":[{"embeddable":true,"href":"https:\/\/www.europesays.com\/fr\/wp-json\/wp\/v2\/media\/599363"}],"wp:attachment":[{"href":"https:\/\/www.europesays.com\/fr\/wp-json\/wp\/v2\/media?parent=599362"}],"wp:term":[{"taxonomy":"category","embeddable":true,"href":"https:\/\/www.europesays.com\/fr\/wp-json\/wp\/v2\/categories?post=599362"},{"taxonomy":"post_tag","embeddable":true,"href":"https:\/\/www.europesays.com\/fr\/wp-json\/wp\/v2\/tags?post=599362"}],"curies":[{"name":"wp","href":"https:\/\/api.w.org\/{rel}","templated":true}]}}