{"id":599372,"date":"2025-12-14T20:17:32","date_gmt":"2025-12-14T20:17:32","guid":{"rendered":"https:\/\/www.europesays.com\/fr\/599372\/"},"modified":"2025-12-14T20:17:32","modified_gmt":"2025-12-14T20:17:32","slug":"le-creusot-de-la-bourgogne-a-paris-il-coordonne-lun-des-plus-prestigieux-theatres-de-la-capitale","status":"publish","type":"post","link":"https:\/\/www.europesays.com\/fr\/599372\/","title":{"rendered":"Le Creusot. De la Bourgogne \u00e0 Paris, il coordonne l\u2019un des plus prestigieux th\u00e9\u00e2tres de la capitale"},"content":{"rendered":"<p>Du Creusot aux manettes d\u2019un des plus importants th\u00e9\u00e2tres de Paris. N\u00e9 et ayant grandi dans la cit\u00e9 du Pilon, Yoann Ducreux, 31 ans, a construit sa r\u00e9ussite professionnelle dans la commune creusotine. \u00ab\u00a0J\u2019ai effectu\u00e9 toute ma scolarit\u00e9 dans ma ville natale, jusqu\u2019au lyc\u00e9e Blum\u00a0\u00bb, se rem\u00e9more celui qui est responsable de la coordination et des privatisations au sein du Th\u00e9\u00e2tre de la Ville &#8211;\u00a0Sarah-Bernhardt, \u00e0 Paris, depuis 2018 [l&rsquo;\u00e9tablissement a \u00e9t\u00e9 ferm\u00e9 de 2016 \u00e0 2023 dans le cadre d&rsquo;une vaste r\u00e9novation, NDLR].<\/p>\n<p>Le baccalaur\u00e9at en poche, le jeune homme, fort d\u2019un parcours associatif et culturel riche constitu\u00e9, quitte&#8230;<\/p>\n","protected":false},"excerpt":{"rendered":"Du Creusot aux manettes d\u2019un des plus importants th\u00e9\u00e2tres de Paris. N\u00e9 et ayant grandi dans la cit\u00e9&hellip;\n","protected":false},"author":2,"featured_media":599373,"comment_status":"","ping_status":"","sticky":false,"template":"","format":"standard","meta":{"footnotes":""},"categories":[1888],"tags":[11,1687,22717,1777,674,107,1011,27,1757,31441,31442,12,626,25,6003,273,3140],"class_list":{"0":"post-599372","1":"post","2":"type-post","3":"status-publish","4":"format-standard","5":"has-post-thumbnail","7":"category-paris","8":"tag-actualites","9":"tag-culture-loisirs","10":"tag-edition-le-creusot","11":"tag-eu","12":"tag-europe","13":"tag-fil-info","14":"tag-fr","15":"tag-france","16":"tag-insolite","17":"tag-le-creusot","18":"tag-le-creusot-ville","19":"tag-news","20":"tag-paris","21":"tag-republique-francaise","22":"tag-saone-et-loire","23":"tag-selection-de-la-redaction","24":"tag-spectacle"},"share_on_mastodon":{"url":"https:\/\/pubeurope.com\/@fr\/115719768830209085","error":""},"_links":{"self":[{"href":"https:\/\/www.europesays.com\/fr\/wp-json\/wp\/v2\/posts\/599372","targetHints":{"allow":["GET"]}}],"collection":[{"href":"https:\/\/www.europesays.com\/fr\/wp-json\/wp\/v2\/posts"}],"about":[{"href":"https:\/\/www.europesays.com\/fr\/wp-json\/wp\/v2\/types\/post"}],"author":[{"embeddable":true,"href":"https:\/\/www.europesays.com\/fr\/wp-json\/wp\/v2\/users\/2"}],"replies":[{"embeddable":true,"href":"https:\/\/www.europesays.com\/fr\/wp-json\/wp\/v2\/comments?post=599372"}],"version-history":[{"count":0,"href":"https:\/\/www.europesays.com\/fr\/wp-json\/wp\/v2\/posts\/599372\/revisions"}],"wp:featuredmedia":[{"embeddable":true,"href":"https:\/\/www.europesays.com\/fr\/wp-json\/wp\/v2\/media\/599373"}],"wp:attachment":[{"href":"https:\/\/www.europesays.com\/fr\/wp-json\/wp\/v2\/media?parent=599372"}],"wp:term":[{"taxonomy":"category","embeddable":true,"href":"https:\/\/www.europesays.com\/fr\/wp-json\/wp\/v2\/categories?post=599372"},{"taxonomy":"post_tag","embeddable":true,"href":"https:\/\/www.europesays.com\/fr\/wp-json\/wp\/v2\/tags?post=599372"}],"curies":[{"name":"wp","href":"https:\/\/api.w.org\/{rel}","templated":true}]}}