{"id":599374,"date":"2025-12-14T20:19:17","date_gmt":"2025-12-14T20:19:17","guid":{"rendered":"https:\/\/www.europesays.com\/fr\/599374\/"},"modified":"2025-12-14T20:19:17","modified_gmt":"2025-12-14T20:19:17","slug":"2-morts-et-11-blesses-lors-de-frappes-russes-a-zaporijjia-et-soumy-des-centaines-de-milliers-toujours-dans-le-noir","status":"publish","type":"post","link":"https:\/\/www.europesays.com\/fr\/599374\/","title":{"rendered":"2 morts et 11 bless\u00e9s lors de frappes russes \u00e0 Zaporijjia et Soumy, des centaines de milliers toujours dans le noir"},"content":{"rendered":"<p>Les forces russes ont attaqu\u00e9 l&rsquo;Ukraine avec un missile balistique Iskander-M et 138 drones, dont 85 des drones kamikaze Shahed, dans la nuit du 14 d\u00e9cembre. <a href=\"https:\/\/t.me\/kpszsu\/49748\" target=\"_blank\" rel=\"noreferrer\">L&rsquo;arm\u00e9e de l&rsquo;air ukrainienne affirme <\/a>avoir abattu et neutralis\u00e9 110 drones, un missile et 10 drones de combat ont atteint leur cible dans 6 localit\u00e9s.<\/p>\n<p>Au cours des derni\u00e8res 24 heures, 25 localit\u00e9s de la r\u00e9gion de Soumy ont \u00e9t\u00e9 bombard\u00e9es par les troupes russes, et une femme de 80 ans est d\u00e9c\u00e9d\u00e9e \u00e0 Seredyno-Boudska.<\/p>\n<p>Une frappe a\u00e9rienne russe a vis\u00e9 une tour r\u00e9sidentielle \u00e0 Soumy. Cette attaque n&rsquo;a pas fait de victimes, selon le service d&rsquo;urgence de l&rsquo;\u00c9tat. Les \u00e9tages sup\u00e9rieurs de l&rsquo;immeuble ont \u00e9t\u00e9 gravement endommag\u00e9s. Plus de 100 fen\u00eatres ont \u00e9t\u00e9 souffl\u00e9es dans une quarantaine d&rsquo;appartements civils priv\u00e9s.<\/p>\n<p>Toujours dans la r\u00e9gion de Soumy, \u00e0 Velykypysarivska, un homme \u00e0 v\u00e9lo a \u00e9t\u00e9 tu\u00e9 lors d&rsquo;une attaque cibl\u00e9e men\u00e9e par un drone.<\/p>\n<p>Le service d&rsquo;urgence de l&rsquo;Ukraine d\u00e9clare que 11 personnes ont \u00e9t\u00e9 bless\u00e9es dans la r\u00e9gion de Zaporijjia, dans le sud du pays, dont un enfant, un policier et un secouriste, apr\u00e8s que les forces russes ont lanc\u00e9 des frappes a\u00e9riennes de jour sur la r\u00e9gion.<\/p>\n<p>Les autorit\u00e9s indiquent que les frappes ont endommag\u00e9 une zone r\u00e9sidentielle, y compris des b\u00e2timents, un supermarch\u00e9, des magasins de d\u00e9tail et des v\u00e9hicules civils.<\/p>\n<p>Les autorit\u00e9s locales indiquent que Moscou a d\u00e9ploy\u00e9 une tactique de double frappe, le premier projectile frappant sa cible vers 11 heures (heure locale), tandis qu&rsquo;une seconde attaque a eu lieu quelques minutes plus tard, blessant l&rsquo;officier de police et le secouriste qui s&rsquo;occupaient des civils touch\u00e9s par l&rsquo;attaque.<\/p>\n<p>La Russie continue de frappe infrastructures civiles, des propri\u00e9t\u00e9s r\u00e9sidentielles, des voitures civiles et des magasins de d\u00e9tail malgr\u00e9 les efforts mondiaux accrus, men\u00e9s par le pr\u00e9sident am\u00e9ricain Donald Trump, pour mettre un terme \u00e0 son invasion en Ukraine, qui dure d\u00e9j\u00e0 presque quatre ans.<\/p>\n<p>Les attaques de dimanche surviennent \u00e9galement alors que le pr\u00e9sident ukrainien Volodymyr Zelensky rencontre l&rsquo;envoy\u00e9 sp\u00e9cial am\u00e9ricain Steve Wiktoff et le gendre de Trump, Jared Kushner, \u00e0 Berlin, pour organiser une nouvelle s\u00e9rie de pourparlers visant \u00e0 combler les lacunes et \u00e0 mettre fin aux combats.<\/p>\n<p>Des centaines de milliers d&rsquo;Ukrainiens sont priv\u00e9s d&rsquo;\u00e9lectricit\u00e9 en raison des frappes russes<\/p>\n<p>Les habitants de villages des r\u00e9gions de Mykola\u00efv, Odessa, Kherson, Tchernihiv, Donetsk, Soumy et Dnipropetrovsk restent priv\u00e9s d&rsquo;\u00e9lectricit\u00e9 suite aux frappes des forces arm\u00e9es russes du 13 d\u00e9cembre &#8211; tandis que les temp\u00e9ratures en Ukraine ne remontent pas au-dessus du z\u00e9ro. <\/p>\n<p><a href=\"https:\/\/t.me\/V%5FZelenskiy%5Fofficial\/17310\" target=\"_blank\" rel=\"noreferrer\">Selon le pr\u00e9sident ukrainien Volodymyr Zelensky<\/a>, plusieurs centaines de milliers de familles sont toujours sans courant. Des \u00e9quipes de r\u00e9paration s&rsquo;efforcent de r\u00e9tablir l&rsquo;\u00e9lectricit\u00e9.<\/p>\n<p>\u00ab La Russie prolonge la guerre et cherche \u00e0 infliger le plus de souffrances possible \u00e0 notre peuple. Rien que cette semaine, les Russes ont lanc\u00e9 plus de 1 500 drones d&rsquo;attaque, pr\u00e8s de 900 bombes guid\u00e9es et 46 missiles de diff\u00e9rents types sur l&rsquo;Ukraine \u00bb, a d\u00e9clar\u00e9 le leader ukrainien.<\/p>\n<p>\u00ab L\u2019Ukraine a besoin d\u2019une paix d\u00e9cente, et nous sommes pr\u00eats \u00e0 \u0153uvrer de la mani\u00e8re la plus constructive possible. Ces prochains jours seront consacr\u00e9s \u00e0 la diplomatie. Il est essentiel que cela porte ses fruits \u00bb, a conclu le leader ukrainien en r\u00e9f\u00e9rence aux <a href=\"https:\/\/fr.euronews.com\/2025\/12\/14\/discussions-a-berlin-zelensky-va-t-il-renoncer-a-ladhesion-de-lukraine-a-lotan\" target=\"_blank\" rel=\"noopener\"><strong>discussions \u00e0 Berlin ce weekend<\/strong><\/a>.<\/p>\n<p>Sources additionnelles<strong> \u2022 AP, Meduza, Ukra\u00efnska Pravda<\/strong><\/p>\n","protected":false},"excerpt":{"rendered":"Les forces russes ont attaqu\u00e9 l&rsquo;Ukraine avec un missile balistique Iskander-M et 138 drones, dont 85 des drones&hellip;\n","protected":false},"author":2,"featured_media":599375,"comment_status":"","ping_status":"","sticky":false,"template":"","format":"standard","meta":{"footnotes":""},"categories":[1591],"tags":[11,1887,131,2025,12,1885,1886,132,220,134,71189],"class_list":{"0":"post-599374","1":"post","2":"type-post","3":"status-publish","4":"format-standard","5":"has-post-thumbnail","7":"category-russie","8":"tag-actualites","9":"tag-federation-de-russie","10":"tag-guerre-en-ukraine","11":"tag-invasion-de-la-russie-en-ukraine","12":"tag-news","13":"tag-russia","14":"tag-russian-federation","15":"tag-russie","16":"tag-ukraine","17":"tag-volodymyr-zelensky","18":"tag-zaporojie"},"share_on_mastodon":{"url":"https:\/\/pubeurope.com\/@fr\/115719776888510836","error":""},"_links":{"self":[{"href":"https:\/\/www.europesays.com\/fr\/wp-json\/wp\/v2\/posts\/599374","targetHints":{"allow":["GET"]}}],"collection":[{"href":"https:\/\/www.europesays.com\/fr\/wp-json\/wp\/v2\/posts"}],"about":[{"href":"https:\/\/www.europesays.com\/fr\/wp-json\/wp\/v2\/types\/post"}],"author":[{"embeddable":true,"href":"https:\/\/www.europesays.com\/fr\/wp-json\/wp\/v2\/users\/2"}],"replies":[{"embeddable":true,"href":"https:\/\/www.europesays.com\/fr\/wp-json\/wp\/v2\/comments?post=599374"}],"version-history":[{"count":0,"href":"https:\/\/www.europesays.com\/fr\/wp-json\/wp\/v2\/posts\/599374\/revisions"}],"wp:featuredmedia":[{"embeddable":true,"href":"https:\/\/www.europesays.com\/fr\/wp-json\/wp\/v2\/media\/599375"}],"wp:attachment":[{"href":"https:\/\/www.europesays.com\/fr\/wp-json\/wp\/v2\/media?parent=599374"}],"wp:term":[{"taxonomy":"category","embeddable":true,"href":"https:\/\/www.europesays.com\/fr\/wp-json\/wp\/v2\/categories?post=599374"},{"taxonomy":"post_tag","embeddable":true,"href":"https:\/\/www.europesays.com\/fr\/wp-json\/wp\/v2\/tags?post=599374"}],"curies":[{"name":"wp","href":"https:\/\/api.w.org\/{rel}","templated":true}]}}