{"id":599376,"date":"2025-12-14T20:20:26","date_gmt":"2025-12-14T20:20:26","guid":{"rendered":"https:\/\/www.europesays.com\/fr\/599376\/"},"modified":"2025-12-14T20:20:26","modified_gmt":"2025-12-14T20:20:26","slug":"guerre-en-ukraine-cest-deja-un-compromis-de-notre-part-volodymyr-zelensky-et-kiev-sont-prets-a-renoncer-a-une-adhesion-a-lotan","status":"publish","type":"post","link":"https:\/\/www.europesays.com\/fr\/599376\/","title":{"rendered":"Guerre en Ukraine\u00a0: \u00ab\u00a0c\u2019est d\u00e9j\u00e0 un compromis de notre part\u00a0\u00bb\u2026 Volodymyr Zelensky et Kiev sont pr\u00eats \u00e0 renoncer \u00e0 une adh\u00e9sion \u00e0 l\u2019OTAN"},"content":{"rendered":"<p>\n                                                                    l&rsquo;essentiel<br \/>\n                                                                Volodymyr Zelensky a annonc\u00e9 que Kiev avait une croix sur son ambition de rejoindre l\u2019Alliance.\n                            <\/p>\n<p>Voldymyr Zelensky est arriv\u00e9 \u00e0 Berlin ce dimanche 14\u00a0d\u00e9cembre pour entamer des pourparlers\u00a0avec des \u00e9missaires am\u00e9ricains \u2013 notamment <a href=\"https:\/\/www.ladepeche.fr\/2025\/11\/27\/portrait-steve-witkoff-fidele-de-donald-trump-accuse-de-connivence-avec-la-russie-il-est-au-coeur-de-la-diplomatie-americaine-13074971.php\" target=\"_blank\" rel=\"noopener\">Steve Witkoff <\/a>et Jared Kushner \u2013 dans l\u2019espoir de convaincre Washington qu\u2019un cessez-le-feu doit \u00eatre mis en place en Ukraine sans concessions territoriales pr\u00e9alables \u00e0 la Russie.<\/p>\n<p class=\"std-elt__inline\">\n        <strong>\u00c0 lire aussi :<\/strong><br \/>\n        <a href=\"https:\/\/www.ladepeche.fr\/2025\/12\/14\/direct-guerre-en-ukraine-les-negociations-pour-mettre-fin-a-la-guerre-vont-commencer-a-berlin-13109960.php\" target=\"_blank\" rel=\"noopener\">DIRECT. Guerre en Ukraine\u00a0: les n\u00e9gociations pour mettre fin \u00e0 la guerre vont commencer \u00e0 Berlin<\/a>\n    <\/p>\n<p>Avant d\u2019arriver dans la capitale allemande, o\u00f9 il a \u00e9t\u00e9 accueilli par le chancelier Friedrich Merz, le pr\u00e9sident ukrainien a fait savoir que son pays avait renonc\u00e9 \u00e0 son ambition de rejoindre l\u2019OTAN, comme l\u2019a\u00a0rapport\u00e9\u00a0le <a href=\"https:\/\/www.ft.com\/stream\/cdfbb2ea-4755-42a6-9b44-7429e9bb86c7\" target=\"_blank\" rel=\"noopener\">Financial Times<\/a>.<\/p>\n<p>\u00ab\u00a0D\u00e8s le d\u00e9part, l\u2019Ukraine souhaitait adh\u00e9rer \u00e0 l\u2019OTAN\u00a0\u00bb<\/p>\n<p>Selon Voldymyr Zelensky, les garanties de s\u00e9curit\u00e9 offertes par les \u00c9tats-Unis, l\u2019Europe et d\u2019autres partenaires, au lieu de l\u2019adh\u00e9sion \u00e0 l\u2019OTAN, repr\u00e9senteraient un compromis de la part de l\u2019Ukraine.<\/p>\n<p>\u00ab\u00a0D\u00e8s le d\u00e9part, l\u2019Ukraine souhaitait adh\u00e9rer \u00e0 l\u2019OTAN [\u2026] Certains partenaires am\u00e9ricains et europ\u00e9ens n\u2019ont pas soutenu cette orientation\u00a0\u00bb, a-t-il d\u00e9clar\u00e9 en r\u00e9ponse aux questions de journalistes lors d\u2019une conversation WhatsApp.<\/p>\n<p>\u00ab\u00a0Ainsi, aujourd\u2019hui, les garanties bilat\u00e9rales de s\u00e9curit\u00e9 entre l\u2019Ukraine et les \u00c9tats-Unis, les garanties de type article\u00a05 que nous accordent les \u00c9tats-Unis, et les garanties de s\u00e9curit\u00e9 de nos coll\u00e8gues europ\u00e9ens, ainsi que d\u2019autres pays \u2014 le Canada, le Japon \u2014 constituent une opportunit\u00e9 pour emp\u00eacher une nouvelle invasion russe\u00a0\u00bb, a fait valoir\u00a0le pr\u00e9sident ukrainien.<\/p>\n<p class=\"std-elt__inline\">\n        <strong>\u00c0 lire aussi :<\/strong><br \/>\n        <a href=\"https:\/\/www.ladepeche.fr\/2025\/11\/21\/guerre-en-ukraine-renoncement-a-lotan-cessions-de-territoires-le-plan-de-paix-americain-avantage-t-il-la-russie-13065202.php\" target=\"_blank\" rel=\"noopener\">Guerre en Ukraine\u00a0: renoncement \u00e0 l\u2019OTAN, cessions de territoires\u2026 le plan de paix am\u00e9ricain avantage-t-il la Russie\u00a0?<\/a>\n    <\/p>\n<p>\u00ab\u00a0Et c\u2019est d\u00e9j\u00e0 un compromis de notre part\u00a0\u00bb, a-t-il ajout\u00e9, tout en affirmant\u00a0que les garanties de s\u00e9curit\u00e9 devraient \u00eatre juridiquement contraignantes.<\/p>\n<p>Pour rappel, la non-adh\u00e9sion de l\u2019Ukraine \u00e0 l\u2019OTAN est une revendication majeure de Moscou pour mettre fin \u00e0 la guerre.<\/p>\n","protected":false},"excerpt":{"rendered":"l&rsquo;essentiel Volodymyr Zelensky a annonc\u00e9 que Kiev avait une croix sur son ambition de rejoindre l\u2019Alliance. Voldymyr Zelensky&hellip;\n","protected":false},"author":2,"featured_media":599377,"comment_status":"","ping_status":"","sticky":false,"template":"","format":"standard","meta":{"footnotes":""},"categories":[1590],"tags":[11,1777,674,329,131,14,12,220],"class_list":{"0":"post-599376","1":"post","2":"type-post","3":"status-publish","4":"format-standard","5":"has-post-thumbnail","7":"category-ukraine","8":"tag-actualites","9":"tag-eu","10":"tag-europe","11":"tag-france-monde","12":"tag-guerre-en-ukraine","13":"tag-international","14":"tag-news","15":"tag-ukraine"},"share_on_mastodon":{"url":"https:\/\/pubeurope.com\/@fr\/115719780629794820","error":""},"_links":{"self":[{"href":"https:\/\/www.europesays.com\/fr\/wp-json\/wp\/v2\/posts\/599376","targetHints":{"allow":["GET"]}}],"collection":[{"href":"https:\/\/www.europesays.com\/fr\/wp-json\/wp\/v2\/posts"}],"about":[{"href":"https:\/\/www.europesays.com\/fr\/wp-json\/wp\/v2\/types\/post"}],"author":[{"embeddable":true,"href":"https:\/\/www.europesays.com\/fr\/wp-json\/wp\/v2\/users\/2"}],"replies":[{"embeddable":true,"href":"https:\/\/www.europesays.com\/fr\/wp-json\/wp\/v2\/comments?post=599376"}],"version-history":[{"count":0,"href":"https:\/\/www.europesays.com\/fr\/wp-json\/wp\/v2\/posts\/599376\/revisions"}],"wp:featuredmedia":[{"embeddable":true,"href":"https:\/\/www.europesays.com\/fr\/wp-json\/wp\/v2\/media\/599377"}],"wp:attachment":[{"href":"https:\/\/www.europesays.com\/fr\/wp-json\/wp\/v2\/media?parent=599376"}],"wp:term":[{"taxonomy":"category","embeddable":true,"href":"https:\/\/www.europesays.com\/fr\/wp-json\/wp\/v2\/categories?post=599376"},{"taxonomy":"post_tag","embeddable":true,"href":"https:\/\/www.europesays.com\/fr\/wp-json\/wp\/v2\/tags?post=599376"}],"curies":[{"name":"wp","href":"https:\/\/api.w.org\/{rel}","templated":true}]}}