{"id":599378,"date":"2025-12-14T20:22:14","date_gmt":"2025-12-14T20:22:14","guid":{"rendered":"https:\/\/www.europesays.com\/fr\/599378\/"},"modified":"2025-12-14T20:22:14","modified_gmt":"2025-12-14T20:22:14","slug":"usa-nouveau-retard-de-boeing-pour-la-livraison-du-nouvel-avion-presidentiel","status":"publish","type":"post","link":"https:\/\/www.europesays.com\/fr\/599378\/","title":{"rendered":"USA: nouveau retard de Boeing pour la livraison du nouvel avion pr\u00e9sidentiel"},"content":{"rendered":"<p style=\"margin-top:5px\">New York (awp\/afp) &#8211; La livraison du nouvel avion du pr\u00e9sident des Etats-Unis, autrement appel\u00e9 Air Force One et fabriqu\u00e9 par Boeing, a de nouveau pris du retard et le premier exemplaire ne devrait entrer en service que mi-2028, soit avec un an de retard sur le dernier calendrier pr\u00e9vu.<\/p>\n<p>\u00ab\u00a0L&rsquo;Arm\u00e9e de l&rsquo;Air des Etats-Unis a attribu\u00e9 le 12 d\u00e9cembre 2025 un contrat de 15,5 millions de dollars pour la modification du contrat existant avec le groupe Boeing pour le programme VC-25B\u00a0\u00bb, c&rsquo;est-\u00e0-dire celui des avions pr\u00e9sidentiels, a indiqu\u00e9 dimanche \u00e0 l&rsquo;AFP un porte-parole du service des forces arm\u00e9es a\u00e9riennes (DAF).<\/p>\n<p>Cette modification \u00ab\u00a0peut \u00eatre accomplie dans l&rsquo;actuel calendrier imparti pour le programme avec une date de livraison pr\u00e9vue pour le premier VC-25B mi-2028\u00a0\u00bb, a poursuivi cette source, r\u00e9v\u00e9lant \u00e0 cette occasion un nouveau retard.<\/p>\n<p>Le dernier calendrier officiel faisait \u00e9tat d&rsquo;une mise en service du premier exemplaire en 2027 et du second en 2028.<\/p>\n<p>Aucune raison \u00e0 ce nouveau retard n&rsquo;est disponible \u00e0 ce stade.<\/p>\n<p>Sollicit\u00e9 par l&rsquo;AFP, Boeing a renvoy\u00e9 vers l&rsquo;U.S. Air Force pour toute communication sur ce programme.<\/p>\n<p>Le g\u00e9ant am\u00e9ricain de l&rsquo;a\u00e9ronautique cumule les retards, et les pertes financi\u00e8res, avec ce contrat \u00e0 prix fixe sign\u00e9 en 2018 portant sur la livraison de deux avions 747-8 sp\u00e9cialement am\u00e9nag\u00e9s &#8211; qui prennent le nom de code Air Force One lorsque le pr\u00e9sident am\u00e9ricain est \u00e0 bord &#8211; pour 3,9 milliards de dollars. La livraison \u00e9tait initialement pr\u00e9vue avant fin 2024 mais a pris du retard notamment \u00e0 cause d&rsquo;alt\u00e9rations demand\u00e9es par l&rsquo;administration.<\/p>\n<p>\u00ab\u00a0Nous effectuons des progr\u00e8s importants pour am\u00e9liorer la livraison et, bien entendu, am\u00e9liorer le calendrier va r\u00e9duire les risques de surco\u00fbts pour nous\u00a0\u00bb, indiquait le 20 f\u00e9vrier Kelly Ortberg, patron de Boeing, tandis que le pr\u00e9sident Donald Trump s&rsquo;impatientait.<\/p>\n<p>Ce dernier avait indiqu\u00e9 \u00e0 l&rsquo;\u00e9poque chercher \u00ab\u00a0des alternatives car Boeing tarde \u00e0 livrer\u00a0\u00bb.<\/p>\n<p>Trois mois plus tard, le ministre am\u00e9ricain de la D\u00e9fense, Pete Hegseth, a accept\u00e9 le Boeing 747 offert quelques semaines plus t\u00f4t par le Qatar au pr\u00e9sident Donald Trump pour l&rsquo;utiliser comme avion pr\u00e9sidentiel, malgr\u00e9 les accusations de corruption \u00e9mises par l&rsquo;opposition d\u00e9mocrate.<\/p>\n<p>Ce don estim\u00e9 \u00e0 400 millions de dollars, destin\u00e9 \u00e0 remplacer temporairement Air Force One, provient de la famille royale \u00e0 la t\u00eate de l&rsquo;\u00e9mirat du Golfe.<\/p>\n<p>Les avions pr\u00e9sidentiels doivent \u00eatre \u00e9quip\u00e9s d&rsquo;instruments de communication de haute technologie, d&rsquo;installations m\u00e9dicales ainsi que d&rsquo;un syst\u00e8me de d\u00e9fense tr\u00e8s performant.<\/p>\n<p>Le nouveau contrat conclu vendredi par l&rsquo;Air Force porte d&rsquo;ailleurs sur \u00ab\u00a0l&rsquo;int\u00e9gration de nouvelles capacit\u00e9s de communication pour permettre \u00e0 VC-25B de rester \u00e0 jour avec les exigences qui ont \u00e9volu\u00e9 depuis que le programme a \u00e9t\u00e9 \u00e9labor\u00e9\u00a0\u00bb, a pr\u00e9cis\u00e9 le porte-parole du DAF.<\/p>\n<p>Les deux 747-200B actuels, entr\u00e9s en service en 1990 du temps du pr\u00e9sident George H.W. Bush, sont obsol\u00e8tes et g\u00e9n\u00e8rent des co\u00fbts de maintenance importants.<\/p>\n<p>afp\/rp<\/p>\n","protected":false},"excerpt":{"rendered":"New York (awp\/afp) &#8211; La livraison du nouvel avion du pr\u00e9sident des Etats-Unis, autrement appel\u00e9 Air Force One&hellip;\n","protected":false},"author":2,"featured_media":599379,"comment_status":"","ping_status":"","sticky":false,"template":"","format":"standard","meta":{"footnotes":""},"categories":[1589],"tags":[11,340,73,1866,12,1864,1865,1863,308],"class_list":{"0":"post-599378","1":"post","2":"type-post","3":"status-publish","4":"format-standard","5":"has-post-thumbnail","7":"category-etats-unis","8":"tag-actualites","9":"tag-bourse","10":"tag-etats-unis","11":"tag-etats-unis-damerique","12":"tag-news","13":"tag-united-states","14":"tag-united-states-of-america","15":"tag-us","16":"tag-usa"},"share_on_mastodon":{"url":"https:\/\/pubeurope.com\/@fr\/115719788614844063","error":""},"_links":{"self":[{"href":"https:\/\/www.europesays.com\/fr\/wp-json\/wp\/v2\/posts\/599378","targetHints":{"allow":["GET"]}}],"collection":[{"href":"https:\/\/www.europesays.com\/fr\/wp-json\/wp\/v2\/posts"}],"about":[{"href":"https:\/\/www.europesays.com\/fr\/wp-json\/wp\/v2\/types\/post"}],"author":[{"embeddable":true,"href":"https:\/\/www.europesays.com\/fr\/wp-json\/wp\/v2\/users\/2"}],"replies":[{"embeddable":true,"href":"https:\/\/www.europesays.com\/fr\/wp-json\/wp\/v2\/comments?post=599378"}],"version-history":[{"count":0,"href":"https:\/\/www.europesays.com\/fr\/wp-json\/wp\/v2\/posts\/599378\/revisions"}],"wp:featuredmedia":[{"embeddable":true,"href":"https:\/\/www.europesays.com\/fr\/wp-json\/wp\/v2\/media\/599379"}],"wp:attachment":[{"href":"https:\/\/www.europesays.com\/fr\/wp-json\/wp\/v2\/media?parent=599378"}],"wp:term":[{"taxonomy":"category","embeddable":true,"href":"https:\/\/www.europesays.com\/fr\/wp-json\/wp\/v2\/categories?post=599378"},{"taxonomy":"post_tag","embeddable":true,"href":"https:\/\/www.europesays.com\/fr\/wp-json\/wp\/v2\/tags?post=599378"}],"curies":[{"name":"wp","href":"https:\/\/api.w.org\/{rel}","templated":true}]}}