{"id":599382,"date":"2025-12-14T20:24:15","date_gmt":"2025-12-14T20:24:15","guid":{"rendered":"https:\/\/www.europesays.com\/fr\/599382\/"},"modified":"2025-12-14T20:24:15","modified_gmt":"2025-12-14T20:24:15","slug":"hans-odriozola-representera-desormais-lallemagne","status":"publish","type":"post","link":"https:\/\/www.europesays.com\/fr\/599382\/","title":{"rendered":"Hans Odriozola repr\u00e9sentera d\u00e9sormais l\u2019Allemagne"},"content":{"rendered":"<p>Le champion du monde junior ISA 2023 quitte l\u2019Espagne pour viser plus haut<\/p>\n<p>Le monde du surf europ\u00e9en a \u00e9t\u00e9 pris de court ces derniers jours. Hans Odriozola, champion du monde junior ISA 2023 sous les couleurs espagnoles, a officiellement annonc\u00e9 qu\u2019il repr\u00e9senterait d\u00e9sormais l\u2019Allemagne dans les comp\u00e9titions internationales. Une d\u00e9cision inattendue, qui a rapidement fait na\u00eetre des doutes sur les r\u00e9seaux sociaux. Poisson d\u2019avril en avance ? Pas du tout.<\/p>\n<p>C\u2019est via un message sobre publi\u00e9 sur Instagram que le jeune surfeur basque a confirm\u00e9 l\u2019information, apr\u00e8s pr\u00e8s de six mois de d\u00e9marches administratives. Un choix m\u00fbrement r\u00e9fl\u00e9chi, loin du coup de t\u00eate, et qui s\u2019inscrit clairement dans une strat\u00e9gie sportive \u00e0 long terme.<\/p>\n<p>Une annonce officielle apr\u00e8s six mois de bureaucratie<\/p>\n<p>\u00ab Apr\u00e8s avoir lutt\u00e9 avec la bureaucratie pendant presque six mois, je suis heureux d\u2019annoncer qu\u2019\u00e0 partir de maintenant, je repr\u00e9senterai l\u2019Allemagne \u00bb, explique Hans Odriozola. Le surfeur se dit enthousiaste \u00e0 l\u2019id\u00e9e d\u2019ouvrir \u00ab un nouveau chapitre \u00bb et de travailler avec la f\u00e9d\u00e9ration allemande, le Wellenreitverband.<\/p>\n<p>La possibilit\u00e9 de ce changement repose sur un \u00e9l\u00e9ment cl\u00e9 : la m\u00e8re de Hans est allemande. Un d\u00e9tail juridique d\u00e9terminant qui lui permet de changer de nationalit\u00e9 sportive sans enfreindre les r\u00e8glements internationaux.<\/p>\n<p>Un timing cruel : pas de dernier Mondial Junior ISA<\/p>\n<p>Cons\u00e9quence directe de ce changement de drapeau, Hans Odriozola ne pourra pas participer \u00e0 son dernier Championnat du monde junior ISA. Une d\u00e9cision frustrante pour le surfeur, qui pr\u00e9cise manquer le d\u00e9lai r\u00e9glementaire \u00ab de seulement quelques jours \u00bb. Une situation am\u00e8re, mais assum\u00e9e : \u00ab C\u2019est comme \u00e7a. Je me concentre d\u00e9sormais sur la suite. \u00bb<\/p>\n<p>Ce renoncement symbolise bien le tournant pris par le jeune talent, pr\u00eat \u00e0 sacrifier un dernier rendez-vous junior pour se projeter pleinement vers le tr\u00e8s haut niveau.<\/p>\n<p>Pourquoi l\u2019Allemagne ? Une question d\u2019opportunit\u00e9s<\/p>\n<p>Derri\u00e8re ce choix, il serait na\u00eff de ne voir qu\u2019un simple changement administratif. Selon El Diario Vasco, cette d\u00e9cision est aussi \u00e9troitement li\u00e9e aux <strong>perspectives olympiques<\/strong>. La concurrence au sein de l\u2019\u00e9quipe espagnole est rude, avec un vivier dense et des places extr\u00eamement ch\u00e8res pour les grandes \u00e9ch\u00e9ances internationales.<\/p>\n<p>\u00c0 l\u2019inverse, l\u2019Allemagne offre un cadre bien diff\u00e9rent. Les athl\u00e8tes, en particulier ceux engag\u00e9s dans un projet olympique, b\u00e9n\u00e9ficient d\u2019un <strong>soutien \u00e9conomique et structurel solide<\/strong>, bien sup\u00e9rieur \u00e0 ce que proposent certaines f\u00e9d\u00e9rations du sud de l\u2019Europe. Un argument de poids pour un surfeur en phase de transition entre carri\u00e8re junior et circuit \u00e9lite.<\/p>\n<p>Un choix strat\u00e9gique, pas une trahison<\/p>\n<p>Ce changement de nationalit\u00e9 sportive ne remet en rien en cause le parcours de Hans Odriozola sous le drapeau espagnol. Champion du monde junior, figure montante du surf europ\u00e9en, il reste profond\u00e9ment attach\u00e9 \u00e0 ses racines basques.<\/p>\n<p>Mais dans un surf moderne de plus en plus professionnalis\u00e9, ces d\u00e9cisions font d\u00e9sormais partie du jeu. \u00c0 seulement quelques ann\u00e9es des Jeux Olympiques, Hans Odriozola fait un pari audacieux : celui de se donner toutes les chances d\u2019atteindre le sommet.<\/p>\n","protected":false},"excerpt":{"rendered":"Le champion du monde junior ISA 2023 quitte l\u2019Espagne pour viser plus haut Le monde du surf europ\u00e9en&hellip;\n","protected":false},"author":2,"featured_media":599383,"comment_status":"","ping_status":"","sticky":false,"template":"","format":"standard","meta":{"footnotes":""},"categories":[1587],"tags":[11,672,1804,1805,1803,1777,674,1801,12,1802],"class_list":{"0":"post-599382","1":"post","2":"type-post","3":"status-publish","4":"format-standard","5":"has-post-thumbnail","7":"category-allemagne","8":"tag-actualites","9":"tag-allemagne","10":"tag-bundesrepublik-deutschland","11":"tag-de","12":"tag-deutschland","13":"tag-eu","14":"tag-europe","15":"tag-germany","16":"tag-news","17":"tag-republique-federale-dallemagne"},"share_on_mastodon":{"url":"https:\/\/pubeurope.com\/@fr\/115719796735596888","error":""},"_links":{"self":[{"href":"https:\/\/www.europesays.com\/fr\/wp-json\/wp\/v2\/posts\/599382","targetHints":{"allow":["GET"]}}],"collection":[{"href":"https:\/\/www.europesays.com\/fr\/wp-json\/wp\/v2\/posts"}],"about":[{"href":"https:\/\/www.europesays.com\/fr\/wp-json\/wp\/v2\/types\/post"}],"author":[{"embeddable":true,"href":"https:\/\/www.europesays.com\/fr\/wp-json\/wp\/v2\/users\/2"}],"replies":[{"embeddable":true,"href":"https:\/\/www.europesays.com\/fr\/wp-json\/wp\/v2\/comments?post=599382"}],"version-history":[{"count":0,"href":"https:\/\/www.europesays.com\/fr\/wp-json\/wp\/v2\/posts\/599382\/revisions"}],"wp:featuredmedia":[{"embeddable":true,"href":"https:\/\/www.europesays.com\/fr\/wp-json\/wp\/v2\/media\/599383"}],"wp:attachment":[{"href":"https:\/\/www.europesays.com\/fr\/wp-json\/wp\/v2\/media?parent=599382"}],"wp:term":[{"taxonomy":"category","embeddable":true,"href":"https:\/\/www.europesays.com\/fr\/wp-json\/wp\/v2\/categories?post=599382"},{"taxonomy":"post_tag","embeddable":true,"href":"https:\/\/www.europesays.com\/fr\/wp-json\/wp\/v2\/tags?post=599382"}],"curies":[{"name":"wp","href":"https:\/\/api.w.org\/{rel}","templated":true}]}}