{"id":599386,"date":"2025-12-14T20:26:16","date_gmt":"2025-12-14T20:26:16","guid":{"rendered":"https:\/\/www.europesays.com\/fr\/599386\/"},"modified":"2025-12-14T20:26:16","modified_gmt":"2025-12-14T20:26:16","slug":"le-gouvernement-reporte-la-signature-du-traite-commercial-en-reaction-a-la-crise-agricole","status":"publish","type":"post","link":"https:\/\/www.europesays.com\/fr\/599386\/","title":{"rendered":"le gouvernement reporte la signature du trait\u00e9 commercial en r\u00e9action \u00e0 la crise agricole"},"content":{"rendered":"<p class=\"article-p mdl\">La France a demand\u00e9, ce dimanche 14 d\u00e9cembre, \u00e0 l&rsquo;Union europ\u00e9enne de proroger les \u00ab\u00a0\u00e9ch\u00e9ances\u00a0\u00bb\u00a0 pour la signature de l&rsquo;accord commercial avec les pays du Mercosur.\u00a0<\/p>\n<p class=\"article-p mdl\">Matignon a indiqu\u00e9 dans un communiqu\u00e9 que <strong>les conditions n&rsquo;\u00e9taient \u00ab\u00a0pas r\u00e9uni<\/strong> pour un quelconque vote\u00a0\u00bb de la part des \u00c9tats europ\u00e9ens. Pour rappel, ces \u00ab\u00a0\u00e9ch\u00e9ances\u00a0\u00bb de signature du trait\u00e9 \u00e9taient initialement pr\u00e9vues la semaine prochaine.<\/p>\n<p class=\"article-p mdl\">\u00ab\u00a0La France demande que les \u00e9ch\u00e9ances de d\u00e9cembre soient repouss\u00e9es pour continuer le travail et obtenir les mesures de protection l\u00e9gitimes de notre agriculture europ\u00e9enne\u00a0\u00bb, a justifi\u00e9 l&rsquo;\u00c9tat fran\u00e7ais.\u00a0<\/p>\n<p>            Une r\u00e9action \u00e0 la forte mobilisation paysanne<\/p>\n<p class=\"article-p mdl\">Cette d\u00e9cision politique fait suite <strong>au soul\u00e8vement massif du monde agricole.<\/strong> Depuis plusieurs jours, les agriculteurs et les syndicats du monde paysan manifestent dans l&rsquo;Hexagone.<\/p>\n<p class=\"article-p mdl\">Initialement, la col\u00e8re provenait de la d\u00e9cision du gouvernement d&rsquo;abattre syst\u00e9matiquement les troupeaux touch\u00e9s par la\u00a0<a class=\"link\" href=\"https:\/\/www.rtl.fr\/actu\/debats-societe\/origine-symptomes-vaccin-5-questions-pour-mieux-comprendre-la-dermatose-nodulaire-contagieuse-7900577519\" title=\"Origine, sympt\u00f4mes, vaccin\u2026 5 questions pour mieux comprendre la dermatose nodulaire contagieuse\" target=\"_blank\" rel=\"noopener\">dermatose nodulaire<\/a>\u00a0dans le Sud-Ouest. Les \u00e9leveurs se sont vigoureusement mobilis\u00e9s contre cette d\u00e9cision, allant jusqu&rsquo;\u00e0 la confrontation avec les forces de l&rsquo;ordre.\u00a0<\/p>\n<p class=\"article-p mdl\">De ces premi\u00e8res revendications d\u00e9coulent un mal plus profond : le trait\u00e9 commercial avec le\u00a0<a class=\"link\" href=\"https:\/\/www.rtl.fr\/actu\/economie-consommation\/l-etat-n-a-plus-rien-a-faire-du-monde-agricole-dermatose-nodulaire-mercosur-pourquoi-la-colere-des-agriculteurs-s-intensifie-7900577700\" title=\"&quot;L&#039;\u00c9tat n&#039;a plus rien \u00e0 faire du monde agricole&quot; : dermatose nodulaire, Mercosur... Pourquoi la col\u00e8re des agriculteurs pourrait s&#039;intensifier\" target=\"_blank\" rel=\"noopener\">Mercosur<\/a>.\u00a0L&rsquo;accord pr\u00e9voit notamment l&rsquo;importation dans l&rsquo;Union europ\u00e9enne de 100.000 tonnes de b\u0153ufs trait\u00e9s aux hormones et le double de tonnes de sucre. Des\u00a0mesures inacceptables\u00a0pour les agriculteurs, dont certains promettent de se rendre jusqu&rsquo;\u00e0 Bruxelles, le 18 d\u00e9cembre, pour faire valoir leurs revendications<br \/>\u00a0\u00a0\u00a0<br \/>La pr\u00e9sidente de la Commission europ\u00e9enne, Ursula von der Leyen, veut parapher ce trait\u00e9 de libre-\u00e9change avec l&rsquo;Argentine, le Br\u00e9sil, l&rsquo;Uruguay et le Paraguay, le samedi 20 d\u00e9cembre, lors du sommet du Mercosur dans la ville br\u00e9silienne de Foz do Igua\u00e7u. Pour ce faire, la Commission europ\u00e9enne doit au pr\u00e9alable obtenir le feu vert des \u00c9tats membres de l&rsquo;Union europ\u00e9enne entre le mardi 16 et le vendredi 19 d\u00e9cembre.\u00a0<\/p>\n<p>    La r\u00e9daction vous recommande<\/p>\n<p class=\"s-newsletter__title\">\n                L\u2019actualit\u00e9 par la r\u00e9daction de RTL dans votre bo\u00eete mail.\n            <\/p>\n<p class=\"s-newsletter__subtitle\">\n                Gr\u00e2ce \u00e0 votre compte RTL abonnez-vous \u00e0 la newsletter RTL info pour suivre toute l&rsquo;actualit\u00e9 au quotidien\n            <\/p>\n<p>\n                                    Lire la suite\n                                <\/p>\n","protected":false},"excerpt":{"rendered":"La France a demand\u00e9, ce dimanche 14 d\u00e9cembre, \u00e0 l&rsquo;Union europ\u00e9enne de proroger les \u00ab\u00a0\u00e9ch\u00e9ances\u00a0\u00bb\u00a0 pour la signature&hellip;\n","protected":false},"author":2,"featured_media":599387,"comment_status":"","ping_status":"","sticky":false,"template":"","format":"standard","meta":{"footnotes":""},"categories":[1586],"tags":[11,327,215,1777,674,1779,107,1011,27,1272,12,25,1778,364],"class_list":{"0":"post-599386","1":"post","2":"type-post","3":"status-publish","4":"format-standard","5":"has-post-thumbnail","7":"category-europe","8":"tag-actualites","9":"tag-agriculture","10":"tag-commerce","11":"tag-eu","12":"tag-europe","13":"tag-european-union","14":"tag-fil-info","15":"tag-fr","16":"tag-france","17":"tag-manifestations","18":"tag-news","19":"tag-republique-francaise","20":"tag-ue","21":"tag-union-europeenne"},"share_on_mastodon":{"url":"https:\/\/pubeurope.com\/@fr\/115719804394957942","error":""},"_links":{"self":[{"href":"https:\/\/www.europesays.com\/fr\/wp-json\/wp\/v2\/posts\/599386","targetHints":{"allow":["GET"]}}],"collection":[{"href":"https:\/\/www.europesays.com\/fr\/wp-json\/wp\/v2\/posts"}],"about":[{"href":"https:\/\/www.europesays.com\/fr\/wp-json\/wp\/v2\/types\/post"}],"author":[{"embeddable":true,"href":"https:\/\/www.europesays.com\/fr\/wp-json\/wp\/v2\/users\/2"}],"replies":[{"embeddable":true,"href":"https:\/\/www.europesays.com\/fr\/wp-json\/wp\/v2\/comments?post=599386"}],"version-history":[{"count":0,"href":"https:\/\/www.europesays.com\/fr\/wp-json\/wp\/v2\/posts\/599386\/revisions"}],"wp:featuredmedia":[{"embeddable":true,"href":"https:\/\/www.europesays.com\/fr\/wp-json\/wp\/v2\/media\/599387"}],"wp:attachment":[{"href":"https:\/\/www.europesays.com\/fr\/wp-json\/wp\/v2\/media?parent=599386"}],"wp:term":[{"taxonomy":"category","embeddable":true,"href":"https:\/\/www.europesays.com\/fr\/wp-json\/wp\/v2\/categories?post=599386"},{"taxonomy":"post_tag","embeddable":true,"href":"https:\/\/www.europesays.com\/fr\/wp-json\/wp\/v2\/tags?post=599386"}],"curies":[{"name":"wp","href":"https:\/\/api.w.org\/{rel}","templated":true}]}}