{"id":599389,"date":"2025-12-14T20:28:19","date_gmt":"2025-12-14T20:28:19","guid":{"rendered":"https:\/\/www.europesays.com\/fr\/599389\/"},"modified":"2025-12-14T20:28:19","modified_gmt":"2025-12-14T20:28:19","slug":"faudel-evoque-sur-rtl-le-cout-de-son-soutien-a-nicolas-sarkozy-en-2007","status":"publish","type":"post","link":"https:\/\/www.europesays.com\/fr\/599389\/","title":{"rendered":"Faudel \u00e9voque sur RTL le co\u00fbt de son soutien \u00e0 Nicolas Sarkozy en 2007"},"content":{"rendered":"<p class=\"article-p mdl\">En 2007, Faudel apporte son soutien \u00e0 Nicolas Sarkozy, candidat aux \u00e9lections pr\u00e9sidentielles. Le soir de son \u00e9lection, il performe en direct de la place de la Concorde \u00e0 Paris pour c\u00e9l\u00e9brer sa victoire. Cette prise de position va en r\u00e9alit\u00e9 lui co\u00fbter cher m\u00e9diatiquement.<\/p>\n<p class=\"article-p mdl\">\u00ab\u00a0J&rsquo;\u00e9tais avant-gardiste. Aux \u00c9tats-Unis, il y a beaucoup d&rsquo;artistes qui soutiennent les \u00e9lus. J&rsquo;ai cru en une phrase de Nicolas Sarkozy \u00e0 l&rsquo;\u00e9poque : l&rsquo;\u00e9galit\u00e9 des chances. Je suis pas du tout politique, apr\u00e8s j&rsquo;assume, on ne m&rsquo;a pas mis le couteau sur la gorge. <strong>J&rsquo;\u00e9tais super jeune<\/strong>\u00ab\u00a0, \u00e9voque avec transparence l&rsquo;un des artistes de\u00a0<a class=\"link\" href=\"https:\/\/www.rtl.fr\/culture\/musique\/faudel-annonce-son-retour-apres-dix-ans-d-absence-7788386893\" title=\"Faudel annonce son retour apr\u00e8s 7 ans d&#039;absence\" target=\"_blank\" rel=\"noopener\">1,2,3 Soleils\u00a0<\/a>(1998).\u00a0\u00a0<\/p>\n<p class=\"article-p mdl\">Ensuite, c&rsquo;est la descente aux enfers : \u00ab\u00a0Quinze jours apr\u00e8s, je participe \u00e0 la F\u00eate de la musique, et <strong>je me fais huer.<\/strong> C&rsquo;est la premi\u00e8re fois de ma vie\u00a0\u00bb. Apr\u00e8s son soutien de\u00a0<a class=\"link\" href=\"https:\/\/www.rtl.fr\/actu\/politique\/fatigue-mais-souriant-nicolas-sarkozy-celebre-par-ses-fans-pour-la-premiere-seance-de-dedicaces-de-son-livre-le-journal-d-un-prisonnier-7900576518\" title=\"&quot;Fatigu\u00e9&quot; mais &quot;souriant&quot;, Nicolas Sarkozy c\u00e9l\u00e9br\u00e9 par ses fans pour la premi\u00e8re s\u00e9ance de d\u00e9dicaces de son livre &quot;Le journal d&#039;un prisonnier&quot;\" target=\"_blank\" rel=\"noopener\">Nicolas Sarkozy<\/a>, une partie du public se d\u00e9tourne de lui. \u00ab\u00a0M\u00eame les journalistes, les artistes et les acteurs qui sont de gauche, alors qu&rsquo;en r\u00e9alit\u00e9, ils ne le sont pas du tout&#8230;\u00a0\u00bb, confie le chanteur au micro de RTL.<\/p>\n<blockquote class=\"article-quote\">\n<p class=\"article-quote-text icon icon-quote-v2\">D\u00e9sormais, d\u00e8s qu&rsquo;un homme politique s&rsquo;approche d&rsquo;un artiste, on dit : &lsquo;Je ne veux pas avoir le sort de Faudel&rsquo;<\/p>\n<p>Faudel<\/p>\n<\/blockquote>\n<p class=\"article-p mdl\">Il explique ne pas avoir r\u00e9ussi \u00e0 se d\u00e9fendre. \u00ab\u00a0Je suis dans un ring, je me fais boxer par\u00a0<a class=\"link\" href=\"https:\/\/www.rtl.fr\/sport\/autres-sports\/quand-mike-tyson-mordait-l-oreille-d-evander-holyfield-retour-sur-l-un-des-combats-de-boxe-les-plus-mediatises-de-l-histoire-7900540306\" title=\"Mike Tyson : le jour o\u00f9 Mike Type a arrach\u00e9 un bout d&#039;oreille d&#039;Evander Holyfield en plein combat\" target=\"_blank\" rel=\"noopener\">Mike Tyson<\/a>, et je n&rsquo;ai aucune comp\u00e9tence en tant que boxeur. J&rsquo;ai eu un acharnement&#8230;\u00a0\u00c0 l&rsquo;\u00e9poque, tout est de la faute de Faudel.\u00a0\u00bb\u00a0<\/p>\n<p class=\"article-p mdl\">Les \u00e9quipes de Nicolas Sarkozy au courant de cette pol\u00e9mique n&rsquo;ont jamais contact\u00e9 l&rsquo;artiste de ra\u00ef. \u00ab\u00a0Je n&rsquo;en veux pas \u00e0 Nicolas Sarkozy. Il a \u00e9t\u00e9 fort et malin. <strong>J&rsquo;\u00e9tais le client parfait.<\/strong> Je suis n\u00e9 dans une ambiance de fid\u00e9lit\u00e9, et je me suis rendu compte qu&rsquo;avec ces gens-l\u00e0, c&rsquo;est terrible. C&rsquo;est m\u00eame pas un coup de fil.\u00a0\u00bb<\/p>\n<p class=\"article-p mdl\">Aujourd&rsquo;hui, Faudel se sent \u00ab\u00a0apais\u00e9\u00a0\u00bb, mais regrette cette prise de position. \u00ab\u00a0Si c&rsquo;\u00e9tait \u00e0 refaire, je ne le referais pas. Mais, je suis content de servir d&rsquo;exemple. D\u00e9sormais, d\u00e8s qu&rsquo;un homme politique s&rsquo;approche d&rsquo;un artiste, on dit : \u00ab\u00a0Je ne veux pas avoir le sort de Faudel\u00a0\u00bb\u00a0\u00bb.<\/p>\n<p>    La r\u00e9daction vous recommande<\/p>\n<p class=\"s-newsletter__title\">\n                L\u2019actualit\u00e9 par la r\u00e9daction de RTL dans votre bo\u00eete mail.\n            <\/p>\n<p class=\"s-newsletter__subtitle\">\n                Gr\u00e2ce \u00e0 votre compte RTL abonnez-vous \u00e0 la newsletter RTL info pour suivre toute l&rsquo;actualit\u00e9 au quotidien\n            <\/p>\n<p>\n                                    Lire la suite\n                                <\/p>\n","protected":false},"excerpt":{"rendered":"En 2007, Faudel apporte son soutien \u00e0 Nicolas Sarkozy, candidat aux \u00e9lections pr\u00e9sidentielles. Le soir de son \u00e9lection,&hellip;\n","protected":false},"author":2,"featured_media":599390,"comment_status":"","ping_status":"","sticky":false,"template":"","format":"standard","meta":{"footnotes":""},"categories":[2],"tags":[11,56441,2414,107,1011,27,873,12,3091,973,25],"class_list":{"0":"post-599389","1":"post","2":"type-post","3":"status-publish","4":"format-standard","5":"has-post-thumbnail","7":"category-actualites","8":"tag-actualites","9":"tag-faudel","10":"tag-fil-culture","11":"tag-fil-info","12":"tag-fr","13":"tag-france","14":"tag-musique","15":"tag-news","16":"tag-nicolas-sarkozy","17":"tag-people","18":"tag-republique-francaise"},"share_on_mastodon":{"url":"https:\/\/pubeurope.com\/@fr\/115719812144204711","error":""},"_links":{"self":[{"href":"https:\/\/www.europesays.com\/fr\/wp-json\/wp\/v2\/posts\/599389","targetHints":{"allow":["GET"]}}],"collection":[{"href":"https:\/\/www.europesays.com\/fr\/wp-json\/wp\/v2\/posts"}],"about":[{"href":"https:\/\/www.europesays.com\/fr\/wp-json\/wp\/v2\/types\/post"}],"author":[{"embeddable":true,"href":"https:\/\/www.europesays.com\/fr\/wp-json\/wp\/v2\/users\/2"}],"replies":[{"embeddable":true,"href":"https:\/\/www.europesays.com\/fr\/wp-json\/wp\/v2\/comments?post=599389"}],"version-history":[{"count":0,"href":"https:\/\/www.europesays.com\/fr\/wp-json\/wp\/v2\/posts\/599389\/revisions"}],"wp:featuredmedia":[{"embeddable":true,"href":"https:\/\/www.europesays.com\/fr\/wp-json\/wp\/v2\/media\/599390"}],"wp:attachment":[{"href":"https:\/\/www.europesays.com\/fr\/wp-json\/wp\/v2\/media?parent=599389"}],"wp:term":[{"taxonomy":"category","embeddable":true,"href":"https:\/\/www.europesays.com\/fr\/wp-json\/wp\/v2\/categories?post=599389"},{"taxonomy":"post_tag","embeddable":true,"href":"https:\/\/www.europesays.com\/fr\/wp-json\/wp\/v2\/tags?post=599389"}],"curies":[{"name":"wp","href":"https:\/\/api.w.org\/{rel}","templated":true}]}}