{"id":599393,"date":"2025-12-14T20:33:18","date_gmt":"2025-12-14T20:33:18","guid":{"rendered":"https:\/\/www.europesays.com\/fr\/599393\/"},"modified":"2025-12-14T20:33:18","modified_gmt":"2025-12-14T20:33:18","slug":"volley-ball-ligue-a-feminine-le-volley-mulhouse-alsace-a-deroule-face-a-evreux-lalsace","status":"publish","type":"post","link":"https:\/\/www.europesays.com\/fr\/599393\/","title":{"rendered":"Volley-ball. Ligue A f\u00e9minine : le Volley Mulhouse Alsace a d\u00e9roul\u00e9 face \u00e0 \u00c9vreux &#8211; L&#039;Alsace"},"content":{"rendered":"<ol>\n<li><a href=\"https:\/\/news.google.com\/rss\/articles\/CBMiqgFBVV95cUxOeVIzWVM2SG5Fc2ZZbUFLOXdsQnJqMnpuOEVoVG5vTm53Y0xpRFNBZEVTSHpEMG5Ec2M2dVhoRS1YQ1pmanEweE9hTm9UZ3FjQ2tDUTRIUDZjUDN2VzFFLXhhVS1ISU8zUTUtVjYzMGN5Y2hGZmRCNVdYb0lVVUctVDROcldCVVNCMDA3eTRKVFVNNTRtdU9rVE5vMzU3c1BsR1VlZ1c3VnVrZw?oc=5\" target=\"_blank\" rel=\"noopener\">Volley-ball. Ligue A f\u00e9minine : le Volley Mulhouse Alsace a d\u00e9roul\u00e9 face \u00e0 \u00c9vreux<\/a>&nbsp;&nbsp;L&rsquo;Alsace<\/li>\n<li><a href=\"https:\/\/news.google.com\/rss\/articles\/CBMipwFBVV95cUxQa1QwdXk4NXNpUjV5dHJDME9aS3lrZ1hERWZ4M1NGaVg2QTIwcVRxR1dVOWlRa1VCdjBQS1FWeE5zbFpOakZORFR3WElHT0lnZ2Z5WldPQTV5TkZHSUpldDFMc25Ma1ZjVXc3OTFkWHlsNWhsajZEVE9RSlg0Y2xFSmRMSFBGQ3Qta0NZYWVxS2RhbWRFU3hTWWduLU1oZmNzWHJwWWExYw?oc=5\" target=\"_blank\" rel=\"noopener\">Mulhouse toujours intouchable, Nancy solide dauphin<\/a>&nbsp;&nbsp;L&rsquo;\u00c9quipe<\/li>\n<li><a href=\"https:\/\/news.google.com\/rss\/articles\/CBMiwwFBVV95cUxOUUJURl9mZ0NNTktlTlVBdTdDZ01hY2kwcWZORHVrVm40bTM3ZUZiMzh2RVFjQjg5cXJrS2k4UkV1R0hpN2dkOURoZEJVRjdTYlU4dmZkcDkxZDFxbU1CUm5YVHRmYXZWTWl0UndxeEtmRWZFc2VZQWtEWTB5RVBMcmlUMzVVdGRnNy1IR0U0bld1QWhBTXRBVHRBcVdoOHFZMEpzLWQzVGxBRFREM2xYaHBxaUc0VHhiTTBDckJDekY2WGs?oc=5\" target=\"_blank\" rel=\"noopener\">Volley-ball \u2013 Saforelle Power 6 : l\u2019\u00c9vreux VB n\u2019a rien pu faire \u00e0 Mulhouse<\/a>&nbsp;&nbsp;Paris Normandie<\/li>\n<li><a href=\"https:\/\/news.google.com\/rss\/articles\/CBMi5wFBVV95cUxQQWgtRUFPWFRNWXdCTVFhdndFMldQYmUwbmRkSzd4ajNkek5tUGxJZE1COWs5d2RQVzAxN3NpV1BFZHFZcHZieXkybEhLeGg5UGFUVDR6NHRucTZPSURCeWxQTk04RGtUR0NVZVJpMlJpQTI1YkNBOXdwTEJuVktlc05mWFRCSlM0Vk1sOFBGMnpMSEFtSVFlWXRPYUZIcU5tY0wyckVoS1lNNmJxa0t2VDRfQU1EVmQzcTd3MURqNHZCLV9nbE1IWk5yOGJ3N1A0cDNmeWdGN280VlNvemRfbEV2Y3RIT2s?oc=5\" target=\"_blank\" rel=\"noopener\">En direct Volley-ball. Une formalit\u00e9 pour le VMA qui m\u00e8ne deux sets \u00e0 rien (25-8, 25-18) face \u00e0 \u00c9vreux<\/a>&nbsp;&nbsp;DNA &#8211; Les Derni\u00e8res Nouvelles d&rsquo;Alsace<\/li>\n<li><a href=\"https:\/\/news.google.com\/rss\/articles\/CBMizwFBVV95cUxQdjMybkxIc1FPNUFPV091TEY1UVphSTdYWWlRZURObk55NHhlQVFBb2lqSjBsc21MSlNVS056QWRDX2tQRUtfQUxxOVhySEphVVk0aDJNbmUtTGFfdGQ0MDhqUHdkWHNOZnFrUE1wc0RrdVVyWDNuWGc0YkRUNEtMMFp3RTdscGJRbmJVbTRlQVNPQWVYeVJZS3plc3ljTHlwaEk0N0tNRHZzWklyTXhndVY2S0NSVl9FLTBWZzkyeFZPeGFQQTdVZE9xVC1oUDQ?oc=5\" target=\"_blank\" rel=\"noopener\">Volley (Ligue A f\u00e9minine) : les Marcquoises ont vendu ch\u00e8rement leur peau, mais cela n\u2019a pas suffi<\/a>&nbsp;&nbsp;La Voix du Nord<\/li>\n<\/ol>\n","protected":false},"excerpt":{"rendered":"Volley-ball. Ligue A f\u00e9minine : le Volley Mulhouse Alsace a d\u00e9roul\u00e9 face \u00e0 \u00c9vreux&nbsp;&nbsp;L&rsquo;Alsace Mulhouse toujours intouchable, Nancy&hellip;\n","protected":false},"author":2,"featured_media":599394,"comment_status":"","ping_status":"","sticky":false,"template":"","format":"standard","meta":{"footnotes":""},"categories":[1417],"tags":[1636,107,1011,27,1634,1635,517,60,1470,1633,1632,1469],"class_list":{"0":"post-599393","1":"post","2":"type-post","3":"status-publish","4":"format-standard","5":"has-post-thumbnail","7":"category-volley","8":"tag-edition-mulhouse-thann","9":"tag-fil-info","10":"tag-fr","11":"tag-france","12":"tag-mulhouse","13":"tag-secteur-de-mulhouse","14":"tag-sport","15":"tag-sports","16":"tag-volley","17":"tag-volley-mulhouse-alsace","18":"tag-volley-ball","19":"tag-volleyball"},"share_on_mastodon":{"url":"https:\/\/pubeurope.com\/@fr\/115719831867908036","error":""},"_links":{"self":[{"href":"https:\/\/www.europesays.com\/fr\/wp-json\/wp\/v2\/posts\/599393","targetHints":{"allow":["GET"]}}],"collection":[{"href":"https:\/\/www.europesays.com\/fr\/wp-json\/wp\/v2\/posts"}],"about":[{"href":"https:\/\/www.europesays.com\/fr\/wp-json\/wp\/v2\/types\/post"}],"author":[{"embeddable":true,"href":"https:\/\/www.europesays.com\/fr\/wp-json\/wp\/v2\/users\/2"}],"replies":[{"embeddable":true,"href":"https:\/\/www.europesays.com\/fr\/wp-json\/wp\/v2\/comments?post=599393"}],"version-history":[{"count":0,"href":"https:\/\/www.europesays.com\/fr\/wp-json\/wp\/v2\/posts\/599393\/revisions"}],"wp:featuredmedia":[{"embeddable":true,"href":"https:\/\/www.europesays.com\/fr\/wp-json\/wp\/v2\/media\/599394"}],"wp:attachment":[{"href":"https:\/\/www.europesays.com\/fr\/wp-json\/wp\/v2\/media?parent=599393"}],"wp:term":[{"taxonomy":"category","embeddable":true,"href":"https:\/\/www.europesays.com\/fr\/wp-json\/wp\/v2\/categories?post=599393"},{"taxonomy":"post_tag","embeddable":true,"href":"https:\/\/www.europesays.com\/fr\/wp-json\/wp\/v2\/tags?post=599393"}],"curies":[{"name":"wp","href":"https:\/\/api.w.org\/{rel}","templated":true}]}}