{"id":599397,"date":"2025-12-14T20:35:12","date_gmt":"2025-12-14T20:35:12","guid":{"rendered":"https:\/\/www.europesays.com\/fr\/599397\/"},"modified":"2025-12-14T20:35:12","modified_gmt":"2025-12-14T20:35:12","slug":"atp-je-ne-pense-pas-que-ferrero-soit-tres-enthousiaste-a-lidee-que-carlos-alcaraz-passe-son-intersaison-a-disputer-des-matchs-exhibitions-il-a-tout-a-fait-le-droit-de-le-faire-mais-il-a-toute-sa","status":"publish","type":"post","link":"https:\/\/www.europesays.com\/fr\/599397\/","title":{"rendered":"ATP > \u00ab\u00a0Je ne pense pas que Ferrero soit tr\u00e8s enthousiaste \u00e0 l&rsquo;id\u00e9e que Carlos Alcaraz passe son intersaison \u00e0 disputer des matchs exhibitions. Il a tout \u00e0 fait le droit de le faire, mais il a toute sa vie pour gagner de l&rsquo;argent\u00a0\u00bb, estime Steve Flink"},"content":{"rendered":"<p>Et si Carlos Alcaraz gaspillait de l\u2019\u00e9nergie en vue de ses prin\u00adci\u00adpaux objec\u00adtifs avec sa parti\u00adci\u00adpa\u00adtion \u00e0 des exhi\u00adbi\u00adtions pendant l\u2019in\u00adter\u00adsaison\u202f? C\u2019est en tout cas la th\u00e8se du c\u00e9l\u00e8bre jour\u00adna\u00adliste am\u00e9ri\u00adcain, Steve Flink, connu pour avoir \u00e9crit plusieurs ouvrages impor\u00adtants sur le tennis, et r\u00e9cem\u00adment de passage sur le podcast, <a href=\"https:\/\/www.youtube.com\/@CourtSidewithBeilinsonTennis\" data-wpel-link=\"external\" target=\"_blank\" rel=\"nofollow external noopener\">Court\u2010Side with Beilinson Tennis<\/a>. <\/p>\n<p><strong>\u00ab\u202fCarlos ne nous a jamais montr\u00e9 son meilleur niveau en Australie\u2026 Je ne pense pas que Ferrero et son \u00e9quipe soient tr\u00e8s enthou\u00adsiastes \u00e0 l\u2019id\u00e9e que Carlos passe son inter\u00adsaison \u00e0 disputer des matchs exhi\u00adbi\u00adtions. Il a tout \u00e0 fait le droit de le faire, mais il a toute sa vie pour gagner de l\u2019argent. Il a telle\u00adment de temps pour remplir son compte en banque que je pense qu\u2019il aurait \u00e9t\u00e9 plus judi\u00adcieux de sa part de ne pas parti\u00adciper \u00e0 ces tour\u00adnois l\u2019ann\u00e9e derni\u00e8re. Nous ne saurons jamais si cela a jou\u00e9 un r\u00f4le dans sa d\u00e9faite contre Novak Djokovic. Novak a fait un excellent match, mais Carlos \u00e9tait \u00e9gale\u00adment un peu en dessous de son niveau habi\u00adtuel. Il sera donc fasci\u00adnant de voir s\u2019il pourra enfin montrer le meilleur de lui\u2010m\u00eame en Australie.\u202f\u00bb<\/strong><\/p>\n<p>Pour rappel, offi\u00adciel\u00adle\u00adment en vacances depuis sa d\u00e9faite face \u00e0 Jannik Sinner en finale du Masters de Turin le 16 novembre dernier, Carlos Alcaraz a encore pris part \u00e0 deux matchs exhi\u00adbi\u00adtions aux \u00c9tats\u2010Unis les 8 et 9 d\u00e9cembre derniers contre Frances Tiafoe et Joao Fonseca.\u00a0<\/p>\n<p class=\"post-published-date\" style=\"color: silver; font-size: 75%; text-align: left;\">Publi\u00e9 le dimanche 14 d\u00e9cembre 2025 \u00e0 17:10<\/p>\n","protected":false},"excerpt":{"rendered":"Et si Carlos Alcaraz gaspillait de l\u2019\u00e9nergie en vue de ses prin\u00adci\u00adpaux objec\u00adtifs avec sa parti\u00adci\u00adpa\u00adtion \u00e0 des&hellip;\n","protected":false},"author":2,"featured_media":533472,"comment_status":"","ping_status":"","sticky":false,"template":"","format":"standard","meta":{"footnotes":""},"categories":[1415],"tags":[1744,105,7275,1011,27,2127,60,1467],"class_list":{"0":"post-599397","1":"post","2":"type-post","3":"status-publish","4":"format-standard","5":"has-post-thumbnail","7":"category-tennis","8":"tag-alcaraz","9":"tag-djokovic","10":"tag-ferrero","11":"tag-fr","12":"tag-france","13":"tag-sinner","14":"tag-sports","15":"tag-tennis"},"share_on_mastodon":{"url":"https:\/\/pubeurope.com\/@fr\/115719839620488039","error":""},"_links":{"self":[{"href":"https:\/\/www.europesays.com\/fr\/wp-json\/wp\/v2\/posts\/599397","targetHints":{"allow":["GET"]}}],"collection":[{"href":"https:\/\/www.europesays.com\/fr\/wp-json\/wp\/v2\/posts"}],"about":[{"href":"https:\/\/www.europesays.com\/fr\/wp-json\/wp\/v2\/types\/post"}],"author":[{"embeddable":true,"href":"https:\/\/www.europesays.com\/fr\/wp-json\/wp\/v2\/users\/2"}],"replies":[{"embeddable":true,"href":"https:\/\/www.europesays.com\/fr\/wp-json\/wp\/v2\/comments?post=599397"}],"version-history":[{"count":0,"href":"https:\/\/www.europesays.com\/fr\/wp-json\/wp\/v2\/posts\/599397\/revisions"}],"wp:featuredmedia":[{"embeddable":true,"href":"https:\/\/www.europesays.com\/fr\/wp-json\/wp\/v2\/media\/533472"}],"wp:attachment":[{"href":"https:\/\/www.europesays.com\/fr\/wp-json\/wp\/v2\/media?parent=599397"}],"wp:term":[{"taxonomy":"category","embeddable":true,"href":"https:\/\/www.europesays.com\/fr\/wp-json\/wp\/v2\/categories?post=599397"},{"taxonomy":"post_tag","embeddable":true,"href":"https:\/\/www.europesays.com\/fr\/wp-json\/wp\/v2\/tags?post=599397"}],"curies":[{"name":"wp","href":"https:\/\/api.w.org\/{rel}","templated":true}]}}