{"id":599398,"date":"2025-12-14T20:39:13","date_gmt":"2025-12-14T20:39:13","guid":{"rendered":"https:\/\/www.europesays.com\/fr\/599398\/"},"modified":"2025-12-14T20:39:13","modified_gmt":"2025-12-14T20:39:13","slug":"un-nouveau-duo-a-la-tete-du-grand-prix-du-morbihan-actualite","status":"publish","type":"post","link":"https:\/\/www.europesays.com\/fr\/599398\/","title":{"rendered":"Un nouveau duo \u00e0 la t\u00eate du Grand Prix du Morbihan &#8211; Actualit\u00e9"},"content":{"rendered":"<p style=\"text-align: justify;\">Il y a du changement \u00e0 la t\u00eate de Grand Prix Morbihan Organisation qui organise le Grand Prix du Morbihan et le Grand Prix du Morbihan F\u00e9minin \u00e0 Plumelec et la Classique du Morbihan Femmes. Yannick Gueguen, qui en \u00e9tait le pr\u00e9sident, a d\u00e9missionn\u00e9. Le comit\u00e9 d&rsquo;organisation a choisi de mettre en place une co-pr\u00e9sidence assur\u00e9e par Benjamin Lavillonni\u00e8re et Camille Vince, d\u00e9j\u00e0 impliqu\u00e9s dans l&rsquo;organisation.\u00a0<\/p>\n","protected":false},"excerpt":{"rendered":"Il y a du changement \u00e0 la t\u00eate de Grand Prix Morbihan Organisation qui organise le Grand Prix&hellip;\n","protected":false},"author":2,"featured_media":599399,"comment_status":"","ping_status":"","sticky":false,"template":"","format":"standard","meta":{"footnotes":""},"categories":[1411],"tags":[834,828,836,829,837,827,83,826,824,823,1154,207,814,817,815,816,822,821,832,211,839,1011,27,820,818,819,835,831,830,833,838,60,212,208,825],"class_list":{"0":"post-599398","1":"post","2":"type-post","3":"status-publish","4":"format-standard","5":"has-post-thumbnail","7":"category-cyclisme","8":"tag-attaque","9":"tag-belgique","10":"tag-braquet","11":"tag-bretagne","12":"tag-chute","13":"tag-competition","14":"tag-coupe-de-france","15":"tag-coureur","16":"tag-course-cyclisme","17":"tag-course-cycliste","18":"tag-cycling","19":"tag-cyclisme","20":"tag-direct","21":"tag-direct-velo","22":"tag-directvelo","23":"tag-directvelo-com","24":"tag-epreuve","25":"tag-epreuve-cycliste","26":"tag-federation-francaise-de-cyclisme","27":"tag-ffc","28":"tag-flandres","29":"tag-fr","30":"tag-france","31":"tag-live","32":"tag-live-course","33":"tag-live-epreuve","34":"tag-peloton","35":"tag-radio-peloton","36":"tag-radio-tour","37":"tag-ravitaillement","38":"tag-relance","39":"tag-sports","40":"tag-uci","41":"tag-velo","42":"tag-velos"},"share_on_mastodon":{"url":"https:\/\/pubeurope.com\/@fr\/115719855426390941","error":""},"_links":{"self":[{"href":"https:\/\/www.europesays.com\/fr\/wp-json\/wp\/v2\/posts\/599398","targetHints":{"allow":["GET"]}}],"collection":[{"href":"https:\/\/www.europesays.com\/fr\/wp-json\/wp\/v2\/posts"}],"about":[{"href":"https:\/\/www.europesays.com\/fr\/wp-json\/wp\/v2\/types\/post"}],"author":[{"embeddable":true,"href":"https:\/\/www.europesays.com\/fr\/wp-json\/wp\/v2\/users\/2"}],"replies":[{"embeddable":true,"href":"https:\/\/www.europesays.com\/fr\/wp-json\/wp\/v2\/comments?post=599398"}],"version-history":[{"count":0,"href":"https:\/\/www.europesays.com\/fr\/wp-json\/wp\/v2\/posts\/599398\/revisions"}],"wp:featuredmedia":[{"embeddable":true,"href":"https:\/\/www.europesays.com\/fr\/wp-json\/wp\/v2\/media\/599399"}],"wp:attachment":[{"href":"https:\/\/www.europesays.com\/fr\/wp-json\/wp\/v2\/media?parent=599398"}],"wp:term":[{"taxonomy":"category","embeddable":true,"href":"https:\/\/www.europesays.com\/fr\/wp-json\/wp\/v2\/categories?post=599398"},{"taxonomy":"post_tag","embeddable":true,"href":"https:\/\/www.europesays.com\/fr\/wp-json\/wp\/v2\/tags?post=599398"}],"curies":[{"name":"wp","href":"https:\/\/api.w.org\/{rel}","templated":true}]}}