{"id":599402,"date":"2025-12-14T20:41:16","date_gmt":"2025-12-14T20:41:16","guid":{"rendered":"https:\/\/www.europesays.com\/fr\/599402\/"},"modified":"2025-12-14T20:41:16","modified_gmt":"2025-12-14T20:41:16","slug":"une-arrivee-qui-fait-deja-parler","status":"publish","type":"post","link":"https:\/\/www.europesays.com\/fr\/599402\/","title":{"rendered":"une arriv\u00e9e qui fait d\u00e9j\u00e0 parler"},"content":{"rendered":"<p><a href=\"https:\/\/hiphopcorner.fr\/cardi-b-collaboration-reebok\/\" target=\"_blank\" rel=\"noopener\">Cardi B<\/a> a cr\u00e9\u00e9 l\u2019\u00e9v\u00e9nement cette nuit en posant le pied en <strong>Arabie Saoudite<\/strong>, un d\u00e9placement qui n\u2019a pas tard\u00e9 \u00e0 enflammer les r\u00e9seaux sociaux et les m\u00e9dias internationaux. La rappeuse am\u00e9ricaine, connue pour son franc-parler, son style provocateur et son influence mondiale, marque une nouvelle \u00e9tape dans sa carri\u00e8re avec cette arriv\u00e9e tr\u00e8s remarqu\u00e9e au Moyen-Orient. Un choix symbolique qui suscite curiosit\u00e9, d\u00e9bats et fascination.<\/p>\n<p>Une pr\u00e9sence tr\u00e8s attendue<\/p>\n<p>Si les raisons exactes de son voyage n\u2019ont pas encore \u00e9t\u00e9 officiellement confirm\u00e9es, tout laisse penser que <strong>Cardi B est pr\u00e9sente pour un \u00e9v\u00e9nement d\u2019envergure<\/strong>, possiblement li\u00e9 \u00e0 un concert priv\u00e9, un festival international ou une collaboration culturelle. L\u2019Arabie Saoudite multiplie depuis plusieurs ann\u00e9es les initiatives pour attirer les plus grandes stars mondiales, notamment dans le cadre de sa strat\u00e9gie de diversification culturelle et de soft power.<\/p>\n<p>L\u2019arriv\u00e9e de Cardi B s\u2019inscrit dans cette dynamique. Apr\u00e8s des artistes comme <a href=\"https:\/\/hiphopcorner.fr\/travis-scott-semble-opposer-sortir-film-secret-a24\/\" target=\"_blank\" rel=\"noopener\">Travis Scott<\/a>, Nicki Minaj ou encore des DJ internationaux, la pr\u00e9sence de la rappeuse new-yorkaise confirme la volont\u00e9 du royaume de s\u2019imposer comme une nouvelle place forte du divertissement mondial.<\/p>\n<p>Un contraste culturel qui intrigue<\/p>\n<p>L\u2019annonce de sa venue a imm\u00e9diatement d\u00e9clench\u00e9 de nombreuses r\u00e9actions. Cardi B incarne une image tr\u00e8s libre, parfois provocante, qui contraste fortement avec les codes culturels traditionnellement associ\u00e9s \u00e0 l\u2019Arabie Saoudite. Ce d\u00e9calage alimente les discussions et renforce l\u2019int\u00e9r\u00eat m\u00e9diatique autour de ce d\u00e9placement.<\/p>\n<p>Pour beaucoup, cette arriv\u00e9e symbolise l\u2019\u00e9volution rapide du pays, qui cherche \u00e0 moderniser son image tout en attirant une jeunesse connect\u00e9e aux tendances internationales. Pour Cardi B, il s\u2019agit aussi d\u2019une opportunit\u00e9 strat\u00e9gique d\u2019\u00e9largir encore davantage son influence sur de nouveaux march\u00e9s.<\/p>\n<p>Une star au rayonnement mondial<\/p>\n<p>Cardi B n\u2019est plus seulement une rappeuse \u00e0 succ\u00e8s, elle est devenue une <strong><a href=\"https:\/\/hiphopcorner.fr\/alerte-mondiale-travis-scott-et-stromae-reunis-nouvel-album-burna-boy\/\" target=\"_blank\" rel=\"noopener\">ic\u00f4ne pop mondiale<\/a><\/strong>. Chaque apparition, chaque d\u00e9placement, chaque publication est analys\u00e9e et comment\u00e9e. Son arriv\u00e9e en Arabie Saoudite confirme son statut d\u2019artiste capable de transcender les fronti\u00e8res culturelles et g\u00e9ographiques.<\/p>\n<p>Avec des millions de fans \u00e0 travers le monde, des records de streaming et une pr\u00e9sence constante dans l\u2019actualit\u00e9, Cardi B continue d\u2019imposer son rythme \u00e0 l\u2019industrie musicale. Ce voyage pourrait \u00e9galement ouvrir la porte \u00e0 de nouvelles collaborations ou performances in\u00e9dites.<\/p>\n<p>Un \u00e9v\u00e9nement \u00e0 suivre de pr\u00e8s<\/p>\n<p>Alors que les d\u00e9tails de son s\u00e9jour restent encore flous, une chose est certaine : <strong>la pr\u00e9sence de Cardi B en Arabie Saoudite ne passera pas inaper\u00e7ue<\/strong>. Entre enjeux culturels, m\u00e9diatiques et artistiques, ce d\u00e9placement s\u2019annonce d\u00e9j\u00e0 comme l\u2019un des moments marquants de l\u2019actualit\u00e9 rap internationale.<\/p>\n<p>Les prochains jours devraient apporter plus d\u2019informations et confirmer si cette arriv\u00e9e marque simplement une apparition \u00e9v\u00e9nementielle\u2026 ou le d\u00e9but d\u2019un nouveau chapitre dans la carri\u00e8re de la superstar am\u00e9ricaine.<\/p>\n<p><strong>A LIRE AUSSI : <a href=\"https:\/\/hiphopcorner.fr\/cardi-b-collaboration-reebok\/\" target=\"_blank\" rel=\"noopener\">Cardi B sort sa paire en collaboration avec Reebok<\/a><\/strong><\/p>\n","protected":false},"excerpt":{"rendered":"Cardi B a cr\u00e9\u00e9 l\u2019\u00e9v\u00e9nement cette nuit en posant le pied en Arabie Saoudite, un d\u00e9placement qui n\u2019a&hellip;\n","protected":false},"author":2,"featured_media":599403,"comment_status":"","ping_status":"","sticky":false,"template":"","format":"standard","meta":{"footnotes":""},"categories":[1359],"tags":[58,59,1011,27,973],"class_list":{"0":"post-599402","1":"post","2":"type-post","3":"status-publish","4":"format-standard","5":"has-post-thumbnail","7":"category-people","8":"tag-divertissement","9":"tag-entertainment","10":"tag-fr","11":"tag-france","12":"tag-people"},"share_on_mastodon":{"url":"https:\/\/pubeurope.com\/@fr\/115719863489708374","error":""},"_links":{"self":[{"href":"https:\/\/www.europesays.com\/fr\/wp-json\/wp\/v2\/posts\/599402","targetHints":{"allow":["GET"]}}],"collection":[{"href":"https:\/\/www.europesays.com\/fr\/wp-json\/wp\/v2\/posts"}],"about":[{"href":"https:\/\/www.europesays.com\/fr\/wp-json\/wp\/v2\/types\/post"}],"author":[{"embeddable":true,"href":"https:\/\/www.europesays.com\/fr\/wp-json\/wp\/v2\/users\/2"}],"replies":[{"embeddable":true,"href":"https:\/\/www.europesays.com\/fr\/wp-json\/wp\/v2\/comments?post=599402"}],"version-history":[{"count":0,"href":"https:\/\/www.europesays.com\/fr\/wp-json\/wp\/v2\/posts\/599402\/revisions"}],"wp:featuredmedia":[{"embeddable":true,"href":"https:\/\/www.europesays.com\/fr\/wp-json\/wp\/v2\/media\/599403"}],"wp:attachment":[{"href":"https:\/\/www.europesays.com\/fr\/wp-json\/wp\/v2\/media?parent=599402"}],"wp:term":[{"taxonomy":"category","embeddable":true,"href":"https:\/\/www.europesays.com\/fr\/wp-json\/wp\/v2\/categories?post=599402"},{"taxonomy":"post_tag","embeddable":true,"href":"https:\/\/www.europesays.com\/fr\/wp-json\/wp\/v2\/tags?post=599402"}],"curies":[{"name":"wp","href":"https:\/\/api.w.org\/{rel}","templated":true}]}}