{"id":599408,"date":"2025-12-14T20:45:17","date_gmt":"2025-12-14T20:45:17","guid":{"rendered":"https:\/\/www.europesays.com\/fr\/599408\/"},"modified":"2025-12-14T20:45:17","modified_gmt":"2025-12-14T20:45:17","slug":"exodus-a-deja-tourne-trois-videos-pour-son-prochain-album-attendu-en-mars-2026","status":"publish","type":"post","link":"https:\/\/www.europesays.com\/fr\/599408\/","title":{"rendered":"Exodus a d\u00e9j\u00e0 tourn\u00e9 trois vid\u00e9os pour son prochain album, attendu en mars 2026"},"content":{"rendered":"<p><strong><a href=\"https:\/\/www.metalzone.fr\/exodus\/\" target=\"_blank\" rel=\"noopener\">Exodus<\/a> ne ralentit pas : le groupe californien a d\u00e9j\u00e0 tourn\u00e9 trois clips pour accompagner son prochain album, attendu pour mars 2026. Un travail intense pour un disque que le groupe consid\u00e8re comme l\u2019un de ses meilleurs, \u00e0 tous les niveaux.<\/strong><\/p>\n<p>Trois clips en trois jours<\/p>\n<p>Le groupe thrash de la Bay Area a annonc\u00e9 sur ses r\u00e9seaux sociaux avoir termin\u00e9 le tournage de trois vid\u00e9os en trois jours seulement. Ces clips ont \u00e9t\u00e9 r\u00e9alis\u00e9s par Jim Louvau, \u00e0 qui l\u2019on doit d\u00e9j\u00e0 le clip de The Fires Of Division sorti en 2021.<\/p>\n<p>R\u00e9unis \u00e0 Tempe, en Arizona, les membres ont partag\u00e9 une photo de fin de tournage, accompagn\u00e9e d\u2019un message enthousiaste : \u201cOn d\u00e9teste faire des clips, mais ceux-l\u00e0 vont \u00eatre \u00e9normes. Vraiment \u00e9normes. On est ravis, et Jim Louvau rend l\u2019exp\u00e9rience vraiment agr\u00e9able pour nous tous.\u201d<\/p>\n<p>Un album intense et une coh\u00e9sion retrouv\u00e9e<\/p>\n<p>Pr\u00e9vu pour le 20 mars 2026 chez Napalm Records, ce nouvel album marque le retour de Rob Dukes au chant. Le mix a \u00e9t\u00e9 confi\u00e9 \u00e0 Mark Lewis (<a href=\"https:\/\/www.metalzone.fr\/megadeth\/\" target=\"_blank\" rel=\"noopener\">Megadeth<\/a>, <a href=\"https:\/\/www.metalzone.fr\/devildriver\/\" target=\"_blank\" rel=\"noopener\">DevilDriver<\/a>), une premi\u00e8re depuis 1997 pour Exodus. Gary Holt n\u2019a pas cach\u00e9 son \u00e9motion dans une interview avec Robbs MetalWorks lors du San Antonio Fear Fest : \u201cQuand je l\u2019\u00e9coute, \u00e7a me donne envie de pleurer, c\u2019est tellement bon.\u201d<\/p>\n<p>L\u2019album a \u00e9t\u00e9 con\u00e7u dans une ambiance proche d\u2019un camp d\u2019\u00e9t\u00e9 <a href=\"https:\/\/www.metalzone.fr\/heavy-metal\/\" target=\"_blank\" rel=\"noopener\">metal<\/a>, selon Holt, les membres ayant v\u00e9cu ensemble pendant deux mois de sessions intensives. Dix morceaux figureront sur le disque, et huit autres pourraient \u00eatre finalis\u00e9s apr\u00e8s la premi\u00e8re tourn\u00e9e. \u201cOn n\u2019a jamais arr\u00eat\u00e9 d\u2019\u00e9crire. 80 % du prochain est d\u00e9j\u00e0 pr\u00eat.\u201d<\/p>\n<p>Le contenu s\u2019annonce vari\u00e9 : thrash ultra-rapide, passages lourds et lents, et un soin particulier apport\u00e9 \u00e0 chaque titre. \u201cIl n\u2019y a rien \u00e0 jeter. Chaque morceau est marquant.\u201d<\/p>\n<p>Exodus accompagnera Megadeth et <a href=\"https:\/\/www.metalzone.fr\/anthrax\/\" target=\"_blank\" rel=\"noopener\">Anthrax<\/a> en tourn\u00e9e canadienne d\u00e9but 2026.<\/p>\n<p>Publication d\u2019Exodus :<\/p>\n","protected":false},"excerpt":{"rendered":"Exodus ne ralentit pas : le groupe californien a d\u00e9j\u00e0 tourn\u00e9 trois clips pour accompagner son prochain album,&hellip;\n","protected":false},"author":2,"featured_media":599409,"comment_status":"","ping_status":"","sticky":false,"template":"","format":"standard","meta":{"footnotes":""},"categories":[1355],"tags":[58,59,1011,27,1361,873],"class_list":{"0":"post-599408","1":"post","2":"type-post","3":"status-publish","4":"format-standard","5":"has-post-thumbnail","7":"category-musique","8":"tag-divertissement","9":"tag-entertainment","10":"tag-fr","11":"tag-france","12":"tag-music","13":"tag-musique"},"share_on_mastodon":{"url":"https:\/\/pubeurope.com\/@fr\/115719879062841099","error":""},"_links":{"self":[{"href":"https:\/\/www.europesays.com\/fr\/wp-json\/wp\/v2\/posts\/599408","targetHints":{"allow":["GET"]}}],"collection":[{"href":"https:\/\/www.europesays.com\/fr\/wp-json\/wp\/v2\/posts"}],"about":[{"href":"https:\/\/www.europesays.com\/fr\/wp-json\/wp\/v2\/types\/post"}],"author":[{"embeddable":true,"href":"https:\/\/www.europesays.com\/fr\/wp-json\/wp\/v2\/users\/2"}],"replies":[{"embeddable":true,"href":"https:\/\/www.europesays.com\/fr\/wp-json\/wp\/v2\/comments?post=599408"}],"version-history":[{"count":0,"href":"https:\/\/www.europesays.com\/fr\/wp-json\/wp\/v2\/posts\/599408\/revisions"}],"wp:featuredmedia":[{"embeddable":true,"href":"https:\/\/www.europesays.com\/fr\/wp-json\/wp\/v2\/media\/599409"}],"wp:attachment":[{"href":"https:\/\/www.europesays.com\/fr\/wp-json\/wp\/v2\/media?parent=599408"}],"wp:term":[{"taxonomy":"category","embeddable":true,"href":"https:\/\/www.europesays.com\/fr\/wp-json\/wp\/v2\/categories?post=599408"},{"taxonomy":"post_tag","embeddable":true,"href":"https:\/\/www.europesays.com\/fr\/wp-json\/wp\/v2\/tags?post=599408"}],"curies":[{"name":"wp","href":"https:\/\/api.w.org\/{rel}","templated":true}]}}