{"id":599444,"date":"2025-12-14T21:09:40","date_gmt":"2025-12-14T21:09:40","guid":{"rendered":"https:\/\/www.europesays.com\/fr\/599444\/"},"modified":"2025-12-14T21:09:40","modified_gmt":"2025-12-14T21:09:40","slug":"gf38-mhsc-les-notes-de-la-redaction-apres-le-nul-a-grenoble","status":"publish","type":"post","link":"https:\/\/www.europesays.com\/fr\/599444\/","title":{"rendered":"[GF38-MHSC] Les notes de la R\u00e9daction apr\u00e8s le nul \u00e0 Grenoble"},"content":{"rendered":"<p>Apr\u00e8s ce match \u00e0 Grenoble, il est temps de\u00a0<strong>d\u00e9cortiquer nos Pailladins avec nos notes maison<\/strong>\u00a0!<br \/>Certains ont donn\u00e9 satisfactions, d\u2019autres ont d\u00e9\u00e7u\u2026 Comme toujours, notre r\u00e9daction a pass\u00e9 chaque joueur au crible pour vous livrer\u00a0<strong>son verdict<\/strong>. A vous de commenter dans l\u2019espace d\u00e9di\u00e9, d\u2019accord ou pas d\u2019accord avec nos notes ?<\/p>\n<p><img loading=\"lazy\" title=\"Notes-apres-match-gf38-mhsc-25-26 | AllezPaillade.com\" decoding=\"async\" width=\"1024\" height=\"843\" src=\"https:\/\/www.europesays.com\/fr\/wp-content\/uploads\/2025\/12\/Notes-apres-match-gf38-mhsc-25-26-1024x843.png\" alt=\"\" class=\"wp-image-198031\"  \/>Notes apres match gf38 mhsc 25 26  <\/p>\n","protected":false},"excerpt":{"rendered":"Apr\u00e8s ce match \u00e0 Grenoble, il est temps de\u00a0d\u00e9cortiquer nos Pailladins avec nos notes maison\u00a0!Certains ont donn\u00e9 satisfactions,&hellip;\n","protected":false},"author":2,"featured_media":599445,"comment_status":"","ping_status":"","sticky":false,"template":"","format":"standard","meta":{"footnotes":""},"categories":[9566],"tags":[1111,11,2430,1777,674,1011,27,70323,2731,12,25],"class_list":{"0":"post-599444","1":"post","2":"type-post","3":"status-publish","4":"format-standard","5":"has-post-thumbnail","7":"category-grenoble","8":"tag-actu","9":"tag-actualites","10":"tag-auvergne-rhone-alpes","11":"tag-eu","12":"tag-europe","13":"tag-fr","14":"tag-france","15":"tag-gf38-mhsc","16":"tag-grenoble","17":"tag-news","18":"tag-republique-francaise"},"share_on_mastodon":{"url":"https:\/\/pubeurope.com\/@fr\/115719973928510928","error":""},"_links":{"self":[{"href":"https:\/\/www.europesays.com\/fr\/wp-json\/wp\/v2\/posts\/599444","targetHints":{"allow":["GET"]}}],"collection":[{"href":"https:\/\/www.europesays.com\/fr\/wp-json\/wp\/v2\/posts"}],"about":[{"href":"https:\/\/www.europesays.com\/fr\/wp-json\/wp\/v2\/types\/post"}],"author":[{"embeddable":true,"href":"https:\/\/www.europesays.com\/fr\/wp-json\/wp\/v2\/users\/2"}],"replies":[{"embeddable":true,"href":"https:\/\/www.europesays.com\/fr\/wp-json\/wp\/v2\/comments?post=599444"}],"version-history":[{"count":0,"href":"https:\/\/www.europesays.com\/fr\/wp-json\/wp\/v2\/posts\/599444\/revisions"}],"wp:featuredmedia":[{"embeddable":true,"href":"https:\/\/www.europesays.com\/fr\/wp-json\/wp\/v2\/media\/599445"}],"wp:attachment":[{"href":"https:\/\/www.europesays.com\/fr\/wp-json\/wp\/v2\/media?parent=599444"}],"wp:term":[{"taxonomy":"category","embeddable":true,"href":"https:\/\/www.europesays.com\/fr\/wp-json\/wp\/v2\/categories?post=599444"},{"taxonomy":"post_tag","embeddable":true,"href":"https:\/\/www.europesays.com\/fr\/wp-json\/wp\/v2\/tags?post=599444"}],"curies":[{"name":"wp","href":"https:\/\/api.w.org\/{rel}","templated":true}]}}