{"id":599450,"date":"2025-12-14T21:13:14","date_gmt":"2025-12-14T21:13:14","guid":{"rendered":"https:\/\/www.europesays.com\/fr\/599450\/"},"modified":"2025-12-14T21:13:14","modified_gmt":"2025-12-14T21:13:14","slug":"strasbourg-qui-sont-les-sept-nouveaux-exposants-du-marche-de-noel","status":"publish","type":"post","link":"https:\/\/www.europesays.com\/fr\/599450\/","title":{"rendered":"Strasbourg. Qui sont les sept nouveaux exposants du march\u00e9 de No\u00ebl ?"},"content":{"rendered":"<p>Il est 11\u00a0h, place Saint-Thomas, et le march\u00e9 de No\u00ebl n\u2019ouvre que dans une demi-heure (la police et la concurrence veillent)\u00a0; mais d\u00e9j\u00e0, on sent un fr\u00e9missement \u00e0 l\u2019arri\u00e8re des chalets\u2026 <a href=\"https:\/\/www.dna.fr\/magazine-cuisine-et-vins\/2025\/02\/08\/lactofermentation-les-piliers-a-observer\" target=\"_blank\" rel=\"noopener\">Chez \u201c Mes mets dans les orties\u201d , Ma\u00eblle Touront s\u2019active.<\/a> Comme six autres exposants \u2013 sur 284 au total cette ann\u00e9e \u2013, elle compte parmi les heureux nouveaux \u00e9lus qui ont d\u00e9croch\u00e9 une place sur le march\u00e9 de No\u00ebl. \u00ab\u00a0Avant, j\u2019\u00e9tais sur le Off. Mais mes produits ne sont pas certifi\u00e9s bio et je ne r\u00e9pondais plus au cahier des charges\u00a0\u00bb, pr\u00e9cise-t-elle, m\u00eame si elle assure \u00ab\u00a0une mission anti-gaspi\u00a0\u00bb et ne travaille \u00ab\u00a0qu\u2019en proximit\u00e9 avec de petits producteurs\u00a0\u00bb. Son credo\u00a0: r\u00e9cup\u00e9rer les invendus et les invendables, pour les transformer \u00e0 Geispolsheim en confitures, chutneys et ketchups aux saveurs singuli\u00e8res.<\/p>\n<p>\u00ab\u00a0Je d\u00e9couvre un monde dont je n\u2019ai pas les codes\u00a0\u00bb<\/p>\n<p>Ravie d\u2019avoir \u00e9t\u00e9 s\u00e9lectionn\u00e9e, elle avait d\u00e9j\u00e0 candidat\u00e9 il y a quatre ans, \u00ab\u00a0mais [n\u2019\u00e9tait] pas pr\u00eate\u00a0\u00bb. Cette fois, elle a anticip\u00e9 et adapt\u00e9 sa&#8230;<\/p>\n","protected":false},"excerpt":{"rendered":"Il est 11\u00a0h, place Saint-Thomas, et le march\u00e9 de No\u00ebl n\u2019ouvre que dans une demi-heure (la police et&hellip;\n","protected":false},"author":2,"featured_media":599451,"comment_status":"","ping_status":"","sticky":false,"template":"","format":"standard","meta":{"footnotes":""},"categories":[2820],"tags":[1111,11,1477,4406,130,33,2880,1777,674,107,1011,27,775,12,15830,25,104,640,2879,1631],"class_list":{"0":"post-599450","1":"post","2":"type-post","3":"status-publish","4":"format-standard","5":"has-post-thumbnail","7":"category-strasbourg","8":"tag-actu","9":"tag-actualites","10":"tag-artisanat","11":"tag-commerce-et-services","12":"tag-consommation","13":"tag-economie","14":"tag-edition-strasbourg","15":"tag-eu","16":"tag-europe","17":"tag-fil-info","18":"tag-fr","19":"tag-france","20":"tag-grand-est","21":"tag-news","22":"tag-noel","23":"tag-republique-francaise","24":"tag-societe","25":"tag-strasbourg","26":"tag-strasbourg-ville","27":"tag-vie-associative"},"share_on_mastodon":{"url":"https:\/\/pubeurope.com\/@fr\/115719989095042396","error":""},"_links":{"self":[{"href":"https:\/\/www.europesays.com\/fr\/wp-json\/wp\/v2\/posts\/599450","targetHints":{"allow":["GET"]}}],"collection":[{"href":"https:\/\/www.europesays.com\/fr\/wp-json\/wp\/v2\/posts"}],"about":[{"href":"https:\/\/www.europesays.com\/fr\/wp-json\/wp\/v2\/types\/post"}],"author":[{"embeddable":true,"href":"https:\/\/www.europesays.com\/fr\/wp-json\/wp\/v2\/users\/2"}],"replies":[{"embeddable":true,"href":"https:\/\/www.europesays.com\/fr\/wp-json\/wp\/v2\/comments?post=599450"}],"version-history":[{"count":0,"href":"https:\/\/www.europesays.com\/fr\/wp-json\/wp\/v2\/posts\/599450\/revisions"}],"wp:featuredmedia":[{"embeddable":true,"href":"https:\/\/www.europesays.com\/fr\/wp-json\/wp\/v2\/media\/599451"}],"wp:attachment":[{"href":"https:\/\/www.europesays.com\/fr\/wp-json\/wp\/v2\/media?parent=599450"}],"wp:term":[{"taxonomy":"category","embeddable":true,"href":"https:\/\/www.europesays.com\/fr\/wp-json\/wp\/v2\/categories?post=599450"},{"taxonomy":"post_tag","embeddable":true,"href":"https:\/\/www.europesays.com\/fr\/wp-json\/wp\/v2\/tags?post=599450"}],"curies":[{"name":"wp","href":"https:\/\/api.w.org\/{rel}","templated":true}]}}