{"id":599452,"date":"2025-12-14T21:14:12","date_gmt":"2025-12-14T21:14:12","guid":{"rendered":"https:\/\/www.europesays.com\/fr\/599452\/"},"modified":"2025-12-14T21:14:12","modified_gmt":"2025-12-14T21:14:12","slug":"premier-match-sans-but-a-lexterieur-cinquieme-match-sans-defaite-12e-place-le-fc-lorient-capitalise-a-strasbourg-ou-il-a-pris-son-3e-point-hors-du-moustoir","status":"publish","type":"post","link":"https:\/\/www.europesays.com\/fr\/599452\/","title":{"rendered":"Premier match sans but \u00e0 l\u2019ext\u00e9rieur, cinqui\u00e8me match sans d\u00e9faite, 12e place\u2026 Le FC Lorient capitalise \u00e0 Strasbourg o\u00f9 il a pris son 3e point hors du\u00a0Moustoir"},"content":{"rendered":"<p>Ligue 1 (16e journ\u00e9e). RC Strasbourg &#8211; FC Lorient : 0-0<\/p>\n<p>\u00ab Venir \u00e0 la Meinau et prendre un point, ce n\u2018est pas anodin ! Et sans s\u2019enflammer, il faut s\u2019appuyer sur \u00e7a et continuer. Il y a une belle tr\u00eave qui s\u2019annonce, je suis content de la passer dans ces conditions, c\u2019est important. \u00bb Au terme de son 150e match de Ligue 1, le capitaine du FC Lorient Laurent Abergel, qui avait encore en t\u00eate, dimanche soir, la tr\u00eave pass\u00e9e apr\u00e8s le match \u00e0 Brest lors de la saison de la descente, semblait aux anges de pouvoir repartir de Strasbourg avec un large sourire aux l\u00e8vres suite au bon match nul 0-0 de son \u00e9quipe.<\/p>\n<p>Premier match sans but conc\u00e9d\u00e9 \u00e0 l\u2019ext\u00e9rieur, deuxi\u00e8me clean sheet de suite, cinqui\u00e8me match sans d\u00e9faite, 12e place \u00e0 la tr\u00eave, six points devant le barragiste, Auxerre\u2026 Tous les voyants sont, en effet, au vert d\u00e9sormais pour un FC Lorient qui a capitalis\u00e9 \u00e0 Strasbourg.<\/p>\n<p>\u00ab Douzi\u00e8me, une grosse satisfaction pour nous \u00bb<\/p>\n<p>En termes de confiance pure comme sur le plan comptable. \u00ab Aujourd\u2019hui, nous sommes satisfaits. On prend un point suppl\u00e9mentaire par rapport \u00e0 nos adversaires directs, en bas de tableau. On gagne une place. Et, ne serait-ce que demain matin, regarder le journal et voir qu\u2019on est douzi\u00e8me, \u00e7a sera une grosse satisfaction pour nous \u00bb, confirmait Olivier Pantaloni.<\/p>\n<p>Le coach du FC Lorient avait fix\u00e9 l\u2019objectif \u00e0 16 points, soit un point par match jusqu\u2019\u00e0 cette 16e et derni\u00e8re journ\u00e9e de 2025. Son \u00e9quipe en est \u00e0 18 ! \u00ab \u00c7a va au-del\u00e0 de nos esp\u00e9rances, avouait-il, on \u00e9tait quand m\u00eame un petit peu largu\u00e9s. Enfin, on \u00e9tait en bas de classement. \u00bb<\/p>\n<p>\u00ab On aurait aim\u00e9 faire mieux, on en a peut-\u00eatre eu l\u2018occasion \u00bb<\/p>\n<p>Et puis, il n\u2019y a pas que sur le plan comptable que ses troupes se sont rassur\u00e9es. \u00c0 Strasbourg, elles ont encore livr\u00e9 une prestation plut\u00f4t aboutie pour un promu.<\/p>\n<p>\u00ab Contre une belle \u00e9quipe europ\u00e9enne, on a fait valoir notre jeu \u00bb, rappelait Jean-Victor Makengo. Car le FCL a fait mieux que rivaliser durant la premi\u00e8re p\u00e9riode, avec plus de tirs que son h\u00f4te (7-5), leader en Conference League, beaucoup plus de duels remport\u00e9s (67 %) et surtout plus de danger cr\u00e9\u00e9, \u00e0 l\u2019image des deux frappes que Soumano aurait sans doute pu mieux n\u00e9gocier (25\u2019et 44\u2019). \u00ab Mis \u00e0 part l\u2018entame de match o\u00f9 on a \u00e9t\u00e9 un petit peu timide, on s\u2019est m\u00eame donn\u00e9 les moyens d\u2019aller chercher une victoire \u00bb, ajoutait Olivier Pantaloni qui devait conc\u00e9der une seconde mi-temps \u00ab plus difficile. On sentait qu\u2018on n\u2019avait plus les moyens de leur poser des probl\u00e8mes sur le plan offensif. Donc, l\u2019\u00e9quipe s\u2019est content\u00e9e de bien d\u00e9fendre en bloc, sans laisser d\u2019espace. \u00bb<\/p>\n<p>Laurent Abergel concluait : \u00ab On aurait aim\u00e9 faire mieux, on en a peut-\u00eatre eu l\u2018occasion en premi\u00e8re mi-temps, mais on s\u2019en contente largement parce que c\u2019est un bel adversaire et c\u2019est coh\u00e9rent ce qu\u2019on fait. Et puis, on encha\u00eene ! \u00bb.<\/p>\n","protected":false},"excerpt":{"rendered":"Ligue 1 (16e journ\u00e9e). RC Strasbourg &#8211; FC Lorient : 0-0 \u00ab Venir \u00e0 la Meinau et prendre&hellip;\n","protected":false},"author":2,"featured_media":599453,"comment_status":"","ping_status":"","sticky":false,"template":"","format":"standard","meta":{"footnotes":""},"categories":[2820],"tags":[1111,11,3166,1777,674,3317,63,1011,27,775,66,1781,12,25,60,640],"class_list":{"0":"post-599452","1":"post","2":"type-post","3":"status-publish","4":"format-standard","5":"has-post-thumbnail","7":"category-strasbourg","8":"tag-actu","9":"tag-actualites","10":"tag-en-continu-sports","11":"tag-eu","12":"tag-europe","13":"tag-fc-lorient","14":"tag-football","15":"tag-fr","16":"tag-france","17":"tag-grand-est","18":"tag-ligue-1","19":"tag-lorient","20":"tag-news","21":"tag-republique-francaise","22":"tag-sports","23":"tag-strasbourg"},"share_on_mastodon":{"url":"https:\/\/pubeurope.com\/@fr\/115719993083658652","error":""},"_links":{"self":[{"href":"https:\/\/www.europesays.com\/fr\/wp-json\/wp\/v2\/posts\/599452","targetHints":{"allow":["GET"]}}],"collection":[{"href":"https:\/\/www.europesays.com\/fr\/wp-json\/wp\/v2\/posts"}],"about":[{"href":"https:\/\/www.europesays.com\/fr\/wp-json\/wp\/v2\/types\/post"}],"author":[{"embeddable":true,"href":"https:\/\/www.europesays.com\/fr\/wp-json\/wp\/v2\/users\/2"}],"replies":[{"embeddable":true,"href":"https:\/\/www.europesays.com\/fr\/wp-json\/wp\/v2\/comments?post=599452"}],"version-history":[{"count":0,"href":"https:\/\/www.europesays.com\/fr\/wp-json\/wp\/v2\/posts\/599452\/revisions"}],"wp:featuredmedia":[{"embeddable":true,"href":"https:\/\/www.europesays.com\/fr\/wp-json\/wp\/v2\/media\/599453"}],"wp:attachment":[{"href":"https:\/\/www.europesays.com\/fr\/wp-json\/wp\/v2\/media?parent=599452"}],"wp:term":[{"taxonomy":"category","embeddable":true,"href":"https:\/\/www.europesays.com\/fr\/wp-json\/wp\/v2\/categories?post=599452"},{"taxonomy":"post_tag","embeddable":true,"href":"https:\/\/www.europesays.com\/fr\/wp-json\/wp\/v2\/tags?post=599452"}],"curies":[{"name":"wp","href":"https:\/\/api.w.org\/{rel}","templated":true}]}}