{"id":599459,"date":"2025-12-14T21:19:11","date_gmt":"2025-12-14T21:19:11","guid":{"rendered":"https:\/\/www.europesays.com\/fr\/599459\/"},"modified":"2025-12-14T21:19:11","modified_gmt":"2025-12-14T21:19:11","slug":"florian-sotoca-dans-le-viseur-de-nantes","status":"publish","type":"post","link":"https:\/\/www.europesays.com\/fr\/599459\/","title":{"rendered":"Florian Sotoca dans le viseur de Nantes"},"content":{"rendered":"<p>Les temps sont durs \u00e0 <a href=\"https:\/\/www.footmercato.net\/club\/fc-nantes\/\" target=\"_blank\" rel=\"noopener\">Nantes<\/a>. <a href=\"https:\/\/www.footmercato.net\/live\/4757290694452109514-angers-vs-nantes\" target=\"_blank\" rel=\"noopener\">Battus lourdement \u00e0 Angers en ouverture de la 16e journ\u00e9e de Ligue 1 vendredi (4-1)<\/a>, les Canaris sont actuellement \u00e0 la 17e et avant-derni\u00e8re place du championnat de France. Alors que l\u2019attaque donne peu de satisfactions, Nantes souhaite se renforcer au plus vite. D\u2019apr\u00e8s L\u2019\u00c9quipe, les dirigeants nantais ont d\u00e9j\u00e0 une cible en t\u00eate pour le mercato d\u2019hiver : <a href=\"https:\/\/www.footmercato.net\/joueur\/florian-sotoca\/\" target=\"_blank\" rel=\"noopener\">Florian Sotoca<\/a>.<\/p>\n<p>            La suite apr\u00e8s cette publicit\u00e9<\/p>\n<p>L\u2019avant-centre du RC <a href=\"https:\/\/www.footmercato.net\/club\/racing-club-de-lens\/\" target=\"_blank\" rel=\"noopener\">Lens<\/a> n\u2019a disput\u00e9 que 67 minutes depuis le d\u00e9but de la saison. Tr\u00e8s peu utilis\u00e9 par Pierre Sage, le natif de Narbonne (180 matchs en Ligue 1) est sous contrat jusqu\u2019\u00e0 la fin de la saison chez les Art\u00e9siens. Selon Transfermarkt, Sotoca (35 ans) est estim\u00e9 \u00e0 deux millions d\u2019euros.<\/p>\n<p>\n    Pub. le 14\/12\/2025 21:58<br \/>\n            &#8211; MAJ le 14\/12\/2025 22:08\n    <\/p>\n","protected":false},"excerpt":{"rendered":"Les temps sont durs \u00e0 Nantes. Battus lourdement \u00e0 Angers en ouverture de la 16e journ\u00e9e de Ligue&hellip;\n","protected":false},"author":2,"featured_media":599460,"comment_status":"","ping_status":"","sticky":false,"template":"","format":"standard","meta":{"footnotes":""},"categories":[2818],"tags":[1111,11,1777,674,1011,27,766,12,2636,25],"class_list":{"0":"post-599459","1":"post","2":"type-post","3":"status-publish","4":"format-standard","5":"has-post-thumbnail","7":"category-nantes","8":"tag-actu","9":"tag-actualites","10":"tag-eu","11":"tag-europe","12":"tag-fr","13":"tag-france","14":"tag-nantes","15":"tag-news","16":"tag-pays-de-la-loire","17":"tag-republique-francaise"},"share_on_mastodon":{"url":"https:\/\/pubeurope.com\/@fr\/115720013022994876","error":""},"_links":{"self":[{"href":"https:\/\/www.europesays.com\/fr\/wp-json\/wp\/v2\/posts\/599459","targetHints":{"allow":["GET"]}}],"collection":[{"href":"https:\/\/www.europesays.com\/fr\/wp-json\/wp\/v2\/posts"}],"about":[{"href":"https:\/\/www.europesays.com\/fr\/wp-json\/wp\/v2\/types\/post"}],"author":[{"embeddable":true,"href":"https:\/\/www.europesays.com\/fr\/wp-json\/wp\/v2\/users\/2"}],"replies":[{"embeddable":true,"href":"https:\/\/www.europesays.com\/fr\/wp-json\/wp\/v2\/comments?post=599459"}],"version-history":[{"count":0,"href":"https:\/\/www.europesays.com\/fr\/wp-json\/wp\/v2\/posts\/599459\/revisions"}],"wp:featuredmedia":[{"embeddable":true,"href":"https:\/\/www.europesays.com\/fr\/wp-json\/wp\/v2\/media\/599460"}],"wp:attachment":[{"href":"https:\/\/www.europesays.com\/fr\/wp-json\/wp\/v2\/media?parent=599459"}],"wp:term":[{"taxonomy":"category","embeddable":true,"href":"https:\/\/www.europesays.com\/fr\/wp-json\/wp\/v2\/categories?post=599459"},{"taxonomy":"post_tag","embeddable":true,"href":"https:\/\/www.europesays.com\/fr\/wp-json\/wp\/v2\/tags?post=599459"}],"curies":[{"name":"wp","href":"https:\/\/api.w.org\/{rel}","templated":true}]}}