{"id":599466,"date":"2025-12-14T21:23:13","date_gmt":"2025-12-14T21:23:13","guid":{"rendered":"https:\/\/www.europesays.com\/fr\/599466\/"},"modified":"2025-12-14T21:23:13","modified_gmt":"2025-12-14T21:23:13","slug":"enquete-criminelle-a-toulouse-apres-la-decouverte-du-corps-dun-homme-disparu","status":"publish","type":"post","link":"https:\/\/www.europesays.com\/fr\/599466\/","title":{"rendered":"Enqu\u00eate criminelle \u00e0 Toulouse apr\u00e8s la d\u00e9couverte du corps d&rsquo;un homme disparu"},"content":{"rendered":"<p>\n    Introuvable depuis trois semaines, un homme de 42 ans a \u00e9t\u00e9 retrouv\u00e9 samedi dans un local \u00e0 v\u00e9lo, porteur d\u2019un orifice \u00e0 la tempe gauche.<\/p>\n<p class=\"fig-paragraph\">Le corps d&rsquo;un homme de 42 ans port\u00e9 disparu a \u00e9t\u00e9 d\u00e9couvert samedi dans un local \u00e0 v\u00e9los \u00e0 Toulouse, et l&rsquo;enqu\u00eate sur sa disparition a \u00e9t\u00e9 requalifi\u00e9e du chef d&rsquo;enl\u00e8vement et s\u00e9questration suivie de mort, a indiqu\u00e9 dimanche \u00e0 l&rsquo;AFP le parquet. Une \u00abautopsie \u00e0 venir permettra de mieux cerner les conditions du d\u00e9c\u00e8s\u00bb, dont la cause est \u00abcriminelle\u00bb, a-t-il pr\u00e9cis\u00e9.<\/p>\n<p class=\"fig-paragraph\">Alors que les enqu\u00eateurs perquisitionnaient samedi le domicile du disparu, ils ont ouvert un local \u00e0 v\u00e9los o\u00f9 ils ont d\u00e9couvert son corps, porteur d&rsquo;un orifice \u00e0 la tempe gauche, selon une source polici\u00e8re.<\/p>\n<p>                                            <a class=\"fig-a11y-skip\" href=\"#fig-a11y-skip-main-inarticle\" data-module=\"a11y-skip\" data-context=\"was @visible\"><br \/>\n    Passer la publicit\u00e9<br \/>\n<\/a>            <\/p>\n<p class=\"fig-paragraph\">La disparition de cet homme, signal\u00e9e par sa famille inqui\u00e8te, pourrait \u00eatre li\u00e9e au trafic de stup\u00e9fiants selon le parquet qui ne ferme aucune piste.<\/p>\n<p class=\"fig-paragraph\">Selon le quotidien local La D\u00e9p\u00eache du Midi, ce p\u00e8re de six enfants n&rsquo;avait pas donn\u00e9 de signe de vie depuis trois semaines.<\/p>\n","protected":false},"excerpt":{"rendered":"Introuvable depuis trois semaines, un homme de 42 ans a \u00e9t\u00e9 retrouv\u00e9 samedi dans un local \u00e0 v\u00e9lo,&hellip;\n","protected":false},"author":2,"featured_media":599467,"comment_status":"","ping_status":"","sticky":false,"template":"","format":"standard","meta":{"footnotes":""},"categories":[2816],"tags":[1111,11,1052,1777,674,1011,27,2683,12,2680,25,2312],"class_list":{"0":"post-599466","1":"post","2":"type-post","3":"status-publish","4":"format-standard","5":"has-post-thumbnail","7":"category-toulouse","8":"tag-actu","9":"tag-actualites","10":"tag-drogue","11":"tag-eu","12":"tag-europe","13":"tag-fr","14":"tag-france","15":"tag-homicide","16":"tag-news","17":"tag-occitanie","18":"tag-republique-francaise","19":"tag-toulouse"},"share_on_mastodon":{"url":"https:\/\/pubeurope.com\/@fr\/115720028348701653","error":""},"_links":{"self":[{"href":"https:\/\/www.europesays.com\/fr\/wp-json\/wp\/v2\/posts\/599466","targetHints":{"allow":["GET"]}}],"collection":[{"href":"https:\/\/www.europesays.com\/fr\/wp-json\/wp\/v2\/posts"}],"about":[{"href":"https:\/\/www.europesays.com\/fr\/wp-json\/wp\/v2\/types\/post"}],"author":[{"embeddable":true,"href":"https:\/\/www.europesays.com\/fr\/wp-json\/wp\/v2\/users\/2"}],"replies":[{"embeddable":true,"href":"https:\/\/www.europesays.com\/fr\/wp-json\/wp\/v2\/comments?post=599466"}],"version-history":[{"count":0,"href":"https:\/\/www.europesays.com\/fr\/wp-json\/wp\/v2\/posts\/599466\/revisions"}],"wp:featuredmedia":[{"embeddable":true,"href":"https:\/\/www.europesays.com\/fr\/wp-json\/wp\/v2\/media\/599467"}],"wp:attachment":[{"href":"https:\/\/www.europesays.com\/fr\/wp-json\/wp\/v2\/media?parent=599466"}],"wp:term":[{"taxonomy":"category","embeddable":true,"href":"https:\/\/www.europesays.com\/fr\/wp-json\/wp\/v2\/categories?post=599466"},{"taxonomy":"post_tag","embeddable":true,"href":"https:\/\/www.europesays.com\/fr\/wp-json\/wp\/v2\/tags?post=599466"}],"curies":[{"name":"wp","href":"https:\/\/api.w.org\/{rel}","templated":true}]}}