{"id":599470,"date":"2025-12-14T21:26:16","date_gmt":"2025-12-14T21:26:16","guid":{"rendered":"https:\/\/www.europesays.com\/fr\/599470\/"},"modified":"2025-12-14T21:26:16","modified_gmt":"2025-12-14T21:26:16","slug":"gims-a-regne-en-maitre-sur-le-dome-a-marseille-pendant-deux-heures-ce-dimanche-soir","status":"publish","type":"post","link":"https:\/\/www.europesays.com\/fr\/599470\/","title":{"rendered":"Gims a r\u00e9gn\u00e9 en ma\u00eetre sur le D\u00f4me \u00e0 Marseille pendant deux heures ce dimanche soir"},"content":{"rendered":"<p>Un g\u00e9n\u00e9rique digne d\u2019un blockbuster plonge le D\u00f4me dans un monde o\u00f9 \u00ab\u00a0les t\u00e9n\u00e8bres et la lumi\u00e8re ne font qu\u2019un\u00a0\u00bb et o\u00f9 un dragon immortel est tapi, \u00ab\u00a0emmur\u00e9 pour sa propre s\u00e9curit\u00e9\u00a0\u00bb. \u00ab\u00a0Mais ce soir le verrou va c\u00e9der\u2026\u00a0\u00bb annonce la voix off, mal\u00e9fique. Et c\u2019est alors que <a href=\"https:\/\/www.laprovence.com\/article\/france-monde\/4159818542150114\/gims-streame-comme-jamais\" target=\"_blank\" rel=\"noopener\">Gims<\/a> surgit sur une nacelle au-dessus du vide, dans les flammes et les confettis, pour entonner Sap\u00e9s comme jamais. Blouson de Formule 1 floqu\u00e9 d\u2019un \u00ab\u00a0Legend\u00a0\u00bb dans le dos et pantalon de cuir noir, ses ind\u00e9tr\u00f4nables lunettes de soleil sur le nez, la superstar de la pop urbaine francophone entame ainsi le premier de ses deux concerts \u00e0 Marseille.<\/p>\n<p><img alt=\"Le roi Gims a encha\u00een\u00e9 une vingtaine de titres sans temps mort dans ce qui constitue son dernier tour.\" loading=\"lazy\" decoding=\"async\" data-nimg=\"fill\" class=\" TwicCore_img__i9TC1 undefined  undefined\" style=\"position:absolute;height:100%;width:100%;left:0;top:0;right:0;bottom:0;color:transparent;background-size:cover;background-position:50% 50%;background-repeat:no-repeat;background-image:url(&quot;data:image\/svg+xml;charset=utf-8,%3Csvg xmlns='http:\/\/www.w3.org\/2000\/svg' %3E%3Cfilter id='b' color-interpolation-filters='sRGB'%3E%3CfeGaussianBlur stdDeviation='20'\/%3E%3CfeColorMatrix values='1 0 0 0 0 0 1 0 0 0 0 0 1 0 0 0 0 0 100 -1' result='s'\/%3E%3CfeFlood x='0' y='0' width='100%25' height='100%25'\/%3E%3CfeComposite operator='out' in='s'\/%3E%3CfeComposite in2='SourceGraphic'\/%3E%3CfeGaussianBlur stdDeviation='20'\/%3E%3C\/filter%3E%3Cimage width='100%25' height='100%25' x='0' y='0' preserveAspectRatio='none' style='filter: url(%23b);' href='https:\/\/pictures.laprovence.com\/cdn-cgi\/image\/blur=250\/media\/melody\/2025\/12\/14\/concert-de-gims-chanteur-et-rappeur-congolais-au-dome-a-marseille-last-winter-tour-gims-141225nvi02-1765747280_cac08e492f396cec08e492f39a2d08v_.jpg'\/%3E%3C\/svg%3E&quot;)\"   src=\"https:\/\/www.europesays.com\/fr\/wp-content\/uploads\/2025\/12\/concert-de-gims-chanteur-et-rappeur-congolais-au-dome-a-marseille-last-winter-tour-gims-141225nvi02-.jpeg\"\/>Le roi Gims a encha\u00een\u00e9 une vingtaine de titres sans temps mort dans ce qui constitue son dernier tour. \/ Photo Nicolas VALLAURI<\/p>\n<p>Seul sur une sc\u00e8ne amovible au milieu de la fosse, mais accompagn\u00e9 d\u2019effets visuels impressionnants et d\u2019un \u00e9cran g\u00e9ant en fond, il encha\u00eene de sa voix de stentor ses hits qui font chanter le public\u00a0: Bris\u00e9, Hol\u00e0 se\u00f1orita, Bella\u2026 \u00ab\u00a0Waouh, waouh, waouh. Bonsoir Marseille\u00a0! C\u2019est une dinguerie\u00a0!\u00a0\u00bb lance-t-il avant d\u2019annoncer\u00a0: \u00ab\u00a0On va remonter le temps ensemble ce soir\u00a0\u00bb introduisant un medley de son premier groupe La Sexion d\u2019Assaut. Puis, il retrouve son tr\u00f4ne pour son tube \u00ab\u00a0Est-ce que tu m\u2019aimes\u00a0?\u00a0\u00bb et les titres de l\u2019\u00e9poque o\u00f9 il s\u2019appelait Ma\u00eetre Gims.<\/p>\n<p>Son dernier tour<\/p>\n<p>Pas de musiciens \u00e0 ses c\u00f4t\u00e9s donc, mais une bande-son efficace, des danseurs par intermittence et une voix puissante qui envahit la coupole. \u00c0 l\u2019image de la chanson Changer, il conclut d\u2019ailleurs plusieurs de ses hits de vocalises. Ohma Tokita, Ce soir ne sors pas, O\u00f9 aller, Laissez passer, La m\u00eame\u2026 Le roi Gims encha\u00eene une vingtaine de titres sans temps mort dans ce qui constitue son dernier tour. Une d\u00e9monstration de son talent qui n\u2019en finit plus de jouer les prolongations. Partout sa tourn\u00e9e affiche complet jusqu\u2019\u00e0 sa nouvelle date au <a href=\"https:\/\/www.laprovence.com\/article\/culture-loisirs\/1107546090717914\/the-cure-se-produira-les-24-et-25-juillet-2026-aux-arenes-de-nimes\" target=\"_blank\" rel=\"noopener\">Festival de N\u00eemes, le 21\u00a0juillet prochain<\/a>. \u00c0 la fin du mois, il donnera m\u00eame cinq concerts \u00e0 La D\u00e9fense Arena \u00e0 Paris. C\u2019est dire le succ\u00e8s de l\u2019artiste qui n\u2019a pas encore 40\u00a0ans (il les aura le 6\u00a0mai prochain) et qui dit, dans les interviews, \u00ab\u00a0\u00eatre arriv\u00e9 au bout\u00a0\u00bb apr\u00e8s 20\u00a0ans dans la musique, pr\u00e9f\u00e9rant s\u2019arr\u00eater au firmament.<\/p>\n<p>Pour l\u2019heure, Gims savoure. \u00ab\u00a0Waouh, waouh, waouh. Quelle soir\u00e9e\u00a0!\u00a0\u00bb Apr\u00e8s \u00ab\u00a0le jeu des pancartes les plus styl\u00e9es\u00a0\u00bb qui lui permet de faire monter des enfants sur sc\u00e8ne, il poursuit sur le r\u00e9pertoire de Gims, soit ses titres les plus r\u00e9cents, dans une ambiance toujours aussi festive\u00a0: Appelle ta copine, Sois pas timide. La foule chante, danse et applaudit. Et lui sait mettre l\u2019ambiance, n\u2019\u00e9tant pas avare de blagues avec ses fans. Spider, Air Force Blanche (sans <a href=\"https:\/\/www.laprovence.com\/article\/culture-loisirs\/92858543102316\/jul-bientot-en-concert-a-marseille-le-rappeur-annonce-deux-dates-au-velodrome-et-deux-au-stade-de-france\" target=\"_blank\" rel=\"noopener\">Jul<\/a>), Ninao, Parisienne, le final est explosif. \u00ab\u00a0Est-ce que \u00e7a valait le coup de venir ce soir\u00a0?\u00a0\u00bb interroge-t-il. La r\u00e9ponse est \u00e9videmment oui. Et toutes les mains se l\u00e8vent au Ciel avant que Gims ne disparaisse. \u00ab\u00a0Et le monde se souviendra de son nom\u00a0\u00bb, entend-on.<\/p>\n<p>Encore ce lundi 15\u00a0d\u00e9cembre \u00e0 20h au D\u00f4me de Marseille. Complet.<\/p>\n","protected":false},"excerpt":{"rendered":"Un g\u00e9n\u00e9rique digne d\u2019un blockbuster plonge le D\u00f4me dans un monde o\u00f9 \u00ab\u00a0les t\u00e9n\u00e8bres et la lumi\u00e8re ne&hellip;\n","protected":false},"author":2,"featured_media":599471,"comment_status":"","ping_status":"","sticky":false,"template":"","format":"standard","meta":{"footnotes":""},"categories":[2814],"tags":[17,1111,11,29779,251,11390,1777,674,1011,27,13444,884,37192,12,882,25,3356,96,21632],"class_list":{"0":"post-599470","1":"post","2":"type-post","3":"status-publish","4":"format-standard","5":"has-post-thumbnail","7":"category-marseille","8":"tag-17","9":"tag-actu","10":"tag-actualites","11":"tag-au-dessus","12":"tag-culture","13":"tag-dome","14":"tag-eu","15":"tag-europe","16":"tag-fr","17":"tag-france","18":"tag-gims","19":"tag-marseille","20":"tag-nacelle","21":"tag-news","22":"tag-provence-alpes-cote-dazur","23":"tag-republique-francaise","24":"tag-sur","25":"tag-une","26":"tag-vide"},"share_on_mastodon":{"url":"https:\/\/pubeurope.com\/@fr\/115720041064523952","error":""},"_links":{"self":[{"href":"https:\/\/www.europesays.com\/fr\/wp-json\/wp\/v2\/posts\/599470","targetHints":{"allow":["GET"]}}],"collection":[{"href":"https:\/\/www.europesays.com\/fr\/wp-json\/wp\/v2\/posts"}],"about":[{"href":"https:\/\/www.europesays.com\/fr\/wp-json\/wp\/v2\/types\/post"}],"author":[{"embeddable":true,"href":"https:\/\/www.europesays.com\/fr\/wp-json\/wp\/v2\/users\/2"}],"replies":[{"embeddable":true,"href":"https:\/\/www.europesays.com\/fr\/wp-json\/wp\/v2\/comments?post=599470"}],"version-history":[{"count":0,"href":"https:\/\/www.europesays.com\/fr\/wp-json\/wp\/v2\/posts\/599470\/revisions"}],"wp:featuredmedia":[{"embeddable":true,"href":"https:\/\/www.europesays.com\/fr\/wp-json\/wp\/v2\/media\/599471"}],"wp:attachment":[{"href":"https:\/\/www.europesays.com\/fr\/wp-json\/wp\/v2\/media?parent=599470"}],"wp:term":[{"taxonomy":"category","embeddable":true,"href":"https:\/\/www.europesays.com\/fr\/wp-json\/wp\/v2\/categories?post=599470"},{"taxonomy":"post_tag","embeddable":true,"href":"https:\/\/www.europesays.com\/fr\/wp-json\/wp\/v2\/tags?post=599470"}],"curies":[{"name":"wp","href":"https:\/\/api.w.org\/{rel}","templated":true}]}}