{"id":599489,"date":"2025-12-14T21:37:13","date_gmt":"2025-12-14T21:37:13","guid":{"rendered":"https:\/\/www.europesays.com\/fr\/599489\/"},"modified":"2025-12-14T21:37:13","modified_gmt":"2025-12-14T21:37:13","slug":"beaucoup-de-progres-dans-les-pourparlers-a-berlin-selon-witkoff-les-discussions-se-poursuivront-lundi","status":"publish","type":"post","link":"https:\/\/www.europesays.com\/fr\/599489\/","title":{"rendered":"\u00ab\u00a0beaucoup de progr\u00e8s\u00a0\u00bb dans les pourparlers \u00e0 Berlin, selon Witkoff, les discussions se poursuivront lundi"},"content":{"rendered":"<p>L\u2019\u00e9missaire am\u00e9ricain, Steve Witkoff a \u00e9t\u00e9 avare en d\u00e9tail, mais a assur\u00e9 sur X que \u00ab\u00a0beaucoup de progr\u00e8s\u00a0\u00bb ont \u00e9t\u00e9 faits lors \u00ab\u00a0des discussions approfondies sur le plan en 20 points pour la paix, les programmes \u00e9conomiques, et davantage\u00a0\u00bb. Un nouveau round est pr\u00e9vu lundi matin.<\/p>\n<p>Les parties \u00ab\u00a0ont convenu de continuer demain\u00a0\u00bb, avait indiqu\u00e9 auparavant le conseiller du chef de l\u2019\u00c9tat ukrainien, Dmytro Lytvyn. Le pr\u00e9sident ukrainien Volodymyr Zelensky a quitt\u00e9 la chancellerie allemande, lieu de la rencontre, peu avant 22\u00a0heures dimanche soir.<\/p>\n<p>Outre le deuxi\u00e8me round ukraino-am\u00e9ricain, de nombreux dirigeants europ\u00e9ens sont attendus lundi soir \u00e0 Berlin pour accorder leurs positions.<\/p>\n<p>N\u00e9gociations sur le Donbass<\/p>\n<p>Comme Kiev, ils s\u2019opposent au fait de c\u00e9der aux revendications maximalistes du Kremlin. Ils craignent que le pr\u00e9sident am\u00e9ricain, Donald Trump abandonne l\u2019Ukraine et que l\u2019Europe soit exclue des d\u00e9bats sur la s\u00e9curit\u00e9 du continent, alors que le Kremlin est per\u00e7u comme une menace majeure.<\/p>\n<p>Volodymyr Zelensky avait \u00e9t\u00e9 accueilli dimanche apr\u00e8s-midi \u00e0 la chancellerie par le ma\u00eetre des lieux Friedrich Merz. Des drapeaux am\u00e9ricains, ukrainiens et europ\u00e9ens y \u00e9taient d\u00e9ploy\u00e9s pour l\u2019occasion.<\/p>\n<p>Des photos diffus\u00e9es par la pr\u00e9sidence ukrainienne montraient les deux dirigeants en compagnie de Steve Witkoff et Jared Kushner, gendre de Donald Trump. Zelensky et Witkoff s\u2019y donnent l\u2019accolade en souriant. Sur X, M.\u00a0Merz a jug\u00e9 que des \u00ab\u00a0questions difficiles\u00a0\u00bb \u00e9taient sur la table et que les \u00ab\u00a0int\u00e9r\u00eats ukrainiens sont aussi les int\u00e9r\u00eats europ\u00e9ens\u00a0\u00bb.<\/p>\n<p>Avant la rencontre, M.\u00a0Zelensky a dit vouloir convaincre les \u00c9tats-Unis de soutenir un cessez-le-feu impliquant un gel de la ligne de front, et non la cession de tout le Donbass, comme r\u00e9clam\u00e9 par le Kremlin et propos\u00e9 par Washington\u00a0: \u00ab\u00a0J\u2019aimerais que les Am\u00e9ricains nous soutiennent sur ce point\u00a0\u00bb.<\/p>\n<p>Kiev et l\u2019Europe ont toujours refus\u00e9 cette concession, qui r\u00e9compenserait l\u2019agresseur.<\/p>\n<p>M.\u00a0Zelensky a aussi dit dimanche, avant les n\u00e9gociations, que Washington n\u2019avait pas encore r\u00e9pondu \u00e0 la version du plan pour mettre fin au conflit, amend\u00e9e par Kiev et les Europ\u00e9ens.<\/p>\n<p>Fortes objections russes<\/p>\n<p>Interrog\u00e9 par la t\u00e9l\u00e9vision d\u2019\u00c9tat russe, le conseiller de Vladimir Poutine, Iouri Ouchakov a balay\u00e9 ces amendements, pr\u00e9disant de \u00ab\u00a0fortes objections\u00a0\u00bb, tout en admettant ne pas en avoir pris connaissance.<\/p>\n<p>M.\u00a0Zelensky a aussi r\u00e9affirm\u00e9 vouloir des garanties de s\u00e9curit\u00e9 europ\u00e9ennes et am\u00e9ricaines pour dissuader toute nouvelle attaque.<\/p>\n<p>Il s\u2019agirait d\u2019un m\u00e9canisme inspir\u00e9 de l\u2019article\u00a05 de l\u2019Otan pr\u00e9voyant une protection mutuelle des pays membres, sans adh\u00e9sion de l\u2019Ukraine \u00e0 l\u2019Alliance atlantique, comme le demandait Kiev auparavant.<\/p>\n<p>\u00ab\u00a0C\u2019est d\u00e9j\u00e0 un compromis de notre part\u00a0\u00bb, a jug\u00e9 M. Zelensky.<\/p>\n<p>Alors que les hostilit\u00e9s se poursuivent, en particulier les bombardements quotidiens de la Russie, Donald Trump a affich\u00e9 son impatience cette semaine face \u00e0 la lenteur des discussions autour de son plan de r\u00e8glement du conflit d\u00e9clench\u00e9 par l\u2019invasion russe de f\u00e9vrier 2022.<\/p>\n<p>L\u2019Europe veut peser<\/p>\n<p>Lundi, M.\u00a0Zelensky doit aussi s\u2019entretenir \u00e0 Berlin avec le chancelier Merz, son principal bailleur en Europe, et se rendre \u00e0 un forum \u00e9conomique germano-ukrainien. Dans la soir\u00e9e, de nombreux dirigeants europ\u00e9ens sont attendus \u00e0 Berlin pour un d\u00eener \u00e0 huis clos.<\/p>\n<p>Maintenus sur la touche par la Maison-Blanche, les Europ\u00e9ens veulent peser, arguant que la s\u00e9curit\u00e9 europ\u00e9enne est en jeu et que la Russie est une menace continentale.<\/p>\n<p>L\u2019Ukraine est press\u00e9e par Washington et Moscou de c\u00e9der la partie du Donbass qu\u2019elle contr\u00f4le, essentiellement dans la r\u00e9gion de Donetsk. Il s\u2019agirait d\u2019y cr\u00e9er une \u00ab\u00a0zone \u00e9conomique libre\u00a0\u00bb ou une \u00ab\u00a0zone d\u00e9militaris\u00e9e\u00a0\u00bb.<\/p>\n<p>En \u00e9change, l\u2019arm\u00e9e russe se retirerait de la partie occup\u00e9e des r\u00e9gions de Soumy, Kharkiv et Dnipropetrovsk (nord, nord-est et centre-est), mais se maintiendrait dans celles de Kherson et Zaporijia (sud) dont Moscou revendique l\u2019annexion.<\/p>\n","protected":false},"excerpt":{"rendered":"L\u2019\u00e9missaire am\u00e9ricain, Steve Witkoff a \u00e9t\u00e9 avare en d\u00e9tail, mais a assur\u00e9 sur X que \u00ab\u00a0beaucoup de progr\u00e8s\u00a0\u00bb&hellip;\n","protected":false},"author":2,"featured_media":599490,"comment_status":"","ping_status":"","sticky":false,"template":"","format":"standard","meta":{"footnotes":""},"categories":[1590],"tags":[11,1777,674,12,220],"class_list":{"0":"post-599489","1":"post","2":"type-post","3":"status-publish","4":"format-standard","5":"has-post-thumbnail","7":"category-ukraine","8":"tag-actualites","9":"tag-eu","10":"tag-europe","11":"tag-news","12":"tag-ukraine"},"share_on_mastodon":{"url":"https:\/\/pubeurope.com\/@fr\/115720083624969531","error":""},"_links":{"self":[{"href":"https:\/\/www.europesays.com\/fr\/wp-json\/wp\/v2\/posts\/599489","targetHints":{"allow":["GET"]}}],"collection":[{"href":"https:\/\/www.europesays.com\/fr\/wp-json\/wp\/v2\/posts"}],"about":[{"href":"https:\/\/www.europesays.com\/fr\/wp-json\/wp\/v2\/types\/post"}],"author":[{"embeddable":true,"href":"https:\/\/www.europesays.com\/fr\/wp-json\/wp\/v2\/users\/2"}],"replies":[{"embeddable":true,"href":"https:\/\/www.europesays.com\/fr\/wp-json\/wp\/v2\/comments?post=599489"}],"version-history":[{"count":0,"href":"https:\/\/www.europesays.com\/fr\/wp-json\/wp\/v2\/posts\/599489\/revisions"}],"wp:featuredmedia":[{"embeddable":true,"href":"https:\/\/www.europesays.com\/fr\/wp-json\/wp\/v2\/media\/599490"}],"wp:attachment":[{"href":"https:\/\/www.europesays.com\/fr\/wp-json\/wp\/v2\/media?parent=599489"}],"wp:term":[{"taxonomy":"category","embeddable":true,"href":"https:\/\/www.europesays.com\/fr\/wp-json\/wp\/v2\/categories?post=599489"},{"taxonomy":"post_tag","embeddable":true,"href":"https:\/\/www.europesays.com\/fr\/wp-json\/wp\/v2\/tags?post=599489"}],"curies":[{"name":"wp","href":"https:\/\/api.w.org\/{rel}","templated":true}]}}