{"id":599491,"date":"2025-12-14T21:38:14","date_gmt":"2025-12-14T21:38:14","guid":{"rendered":"https:\/\/www.europesays.com\/fr\/599491\/"},"modified":"2025-12-14T21:38:14","modified_gmt":"2025-12-14T21:38:14","slug":"volodymyr-zelensky-cede-sur-lotan-mais-reclame-une-contrepartie-aux-etats-unis-et-aux-europeens","status":"publish","type":"post","link":"https:\/\/www.europesays.com\/fr\/599491\/","title":{"rendered":"Volodymyr Zelensky c\u00e8de sur l\u2019Otan mais r\u00e9clame une contrepartie aux \u00c9tats-Unis et aux Europ\u00e9ens"},"content":{"rendered":"<p>        <img decoding=\"async\" loading=\"lazy\" src=\"https:\/\/www.europesays.com\/fr\/wp-content\/uploads\/2025\/12\/7809cc8_upload-1-xy44jnaz3tg5-afp-20251214-88429zq-v1-highres-germanyusukrainerussiaconflictdiplomac.jpeg\"  width=\"728\" height=\"485\" alt=\"Friedrich Merz saluant le pr\u00e9sident ukrainien Volodymyr Zelensky avant une r\u00e9union dans la cour de la Chancellerie \u00e0 Berlin, le 14\u00a0d\u00e9cembre 2025.\"\/>  <\/p>\n<p>GUIDO BERGMANN \/ AFP<\/p>\n<p>Friedrich Merz saluant le pr\u00e9sident ukrainien Volodymyr Zelensky avant une r\u00e9union dans la cour de la Chancellerie \u00e0 Berlin, le 14\u00a0d\u00e9cembre 2025.<\/p>\n<p class=\"asset asset-text\">Un gros compromis pour faire avancer les n\u00e9gociations. Accueilli \u00e0 Berlin ce dimanche 14\u00a0d\u00e9cembre, le pr\u00e9sident ukrainien<a href=\"https:\/\/www.huffingtonpost.fr\/international\/article\/presidentielle-en-ukraine-volodymyr-zelensky-est-pret-pour-une-election-mais-face-a-qui_258071.html\" target=\"_blank\" rel=\"noopener\"> Volodymyr Zelensky<\/a> s\u2019est entretenu pendant cinq heures avec des \u00e9missaires am\u00e9ricains dans l\u2019espoir de convaincre Washington qu\u2019un cessez-le-feu doit \u00eatre mis en place en Ukraine<a href=\"https:\/\/www.huffingtonpost.fr\/international\/video\/guerre-en-ukraine-a-quoi-pourrait-ressembler-la-zone-demilitarisee-dans-le-donbass-envisagee-pour-la-paix_258175.html\" target=\"_blank\" rel=\"noopener\"> sans concessions territoriales <\/a>pr\u00e9alables \u00e0 la Russie. De nouvelles discussions ukraino-am\u00e9ricaines se tiendront lundi et une seconde r\u00e9union pr\u00e9vue le soir rassemblera de nombreux dirigeants europ\u00e9ens.<\/p>\n<p class=\"asset asset-text\">Avant le d\u00e9but de ces pourparlers avec les am\u00e9ricains et ses partenaires du Vieux continent, le pr\u00e9sident ukrainien a d\u00e9clar\u00e9 que son pays avait fait une croix sur son ambition de rejoindre l\u2019Otan, un objectif pour lequel il milite pourtant depuis des ann\u00e9es, ont rapport\u00e9 le\u00a0<a href=\"https:\/\/www.ft.com\/stream\/cdfbb2ea-4755-42a6-9b44-7429e9bb86c7\" target=\"_blank\" rel=\"noopener\" title=\"Nouvelle fen\u00eatre\">Financial Times<\/a> et <a href=\"https:\/\/www.reuters.com\/world\/europe\/zelenskiy-demands-dignified-peace-us-ukraine-officials-meet-berlin-2025-12-14\/\" target=\"_blank\" rel=\"noopener\" title=\"Nouvelle fen\u00eatre\">Reuters<\/a> en premier. \u00ab\u00a0D\u00e8s le d\u00e9part, l\u2019Ukraine souhaitait adh\u00e9rer \u00e0 l\u2019Otan [\u2026] Certains partenaires am\u00e9ricains et europ\u00e9ens n\u2019ont pas soutenu cette orientation\u00a0\u00bb, a regrett\u00e9 le pr\u00e9sident ukrainien.<\/p>\n<p class=\"asset asset-text\">Mais cette concession de taille s\u2019accompagnerait d\u2019une condition. Si l\u2019Ukraine ne rejoint par l\u2019Alliance, d\u2019autres \u00ab\u00a0garanties de s\u00e9curit\u00e9 contraignantes\u00a0\u00bb doivent prot\u00e9ger son pays, a-t-il r\u00e9clam\u00e9. \u00ab\u00a0Nous voulons \u00eatre s\u00fbrs qu\u2019il n\u2019y aura pas de r\u00e9p\u00e9tition de la guerre apr\u00e8s un cessez-le-feu\u00a0\u00bb, a justifi\u00e9 Volodymyr Zelensky.<\/p>\n<p>    Une revendication majeure de Moscou    <\/p>\n<p class=\"asset asset-text\">Il s\u2019agirait d\u2019un m\u00e9canisme inspir\u00e9 de l\u2019article\u00a05 de l\u2019Otan pr\u00e9voyant une protection mutuelle des pays membres, comme le demandait Kiev auparavant. \u00ab\u00a0C\u2019est d\u00e9j\u00e0 un compromis de notre part\u00a0\u00bb, a jug\u00e9 Volodymyr Zelensky, car il s\u2019agit d\u2019une revendication majeure de Moscou. La Russie exige en effet depuis longtemps que l\u2019Alliance transatlantique s\u2019engage \u00e0 mettre fin \u00e0 son expansion vers l\u2019est comme condition \u00e0 la fin de la guerre.<\/p>\n<p class=\"asset asset-text\">Ces garanties de s\u00e9curit\u00e9 \u00e9maneraient des \u00c9tats-Unis, des Europ\u00e9ens, et d&rsquo;autres pays comme le Japon et le Canada. Elles devraient \u00eatre\u00a0juridiquement contraignantes et soutenues par le Congr\u00e8s am\u00e9ricain, a \u00e9galement demand\u00e9 le chef d\u2019\u00c9tat ukrainien, d\u2019apr\u00e8s <a href=\"https:\/\/www.lemonde.fr\/international\/live\/2025\/12\/14\/en-direct-guerre-en-ukraine-faute-d-adhesion-a-l-otan-volodymyr-zelensky-reclame-aux-partenaires-occidentaux-des-garanties-de-securite-contraignantes_6657241_3210.html\" target=\"_blank\" rel=\"noopener\" title=\"Nouvelle fen\u00eatre\">Le Monde.<\/a><\/p>\n<p class=\"asset asset-text\">Peu avant la rencontre, Volodymyr Zelensky a aussi dit vouloir convaincre les \u00c9tats-Unis de soutenir un cessez-le-feu impliquant un gel de la ligne de front, et non la cession \u00e0 Moscou de tout le Donbass (est), comme r\u00e9clam\u00e9 par le Kremlin et propos\u00e9 par Washington. \u00ab\u00a0Je sais que la Russie ne voit pas cela d\u2019un bon \u0153il et j\u2019aimerais que les Am\u00e9ricains nous soutiennent sur ce point\u00a0\u00bb, a-t-il affirm\u00e9.<\/p>\n<p class=\"asset asset-text\">Alors que les hostilit\u00e9s se poursuivent, ajoutant de nouvelles victimes aux centaines de milliers de morts et de bless\u00e9s, Donald Trump a affich\u00e9 son impatience face \u00e0 la lenteur des discussions autour de son plan de r\u00e8glement du conflit d\u00e9clench\u00e9 par l\u2019invasion russe de f\u00e9vrier\u00a02022. Kiev et ses alli\u00e9s europ\u00e9ens le jugent en l\u2019\u00e9tat trop favorable \u00e0 Moscou.<\/p>\n<p class=\"asset asset-text\">Maintenus sur la touche par une Maison Blanche tr\u00e8s critique de ses alli\u00e9s du Vieux continent, les Europ\u00e9ens veulent ce lundi peser sur les pourparlers, arguant que la s\u00e9curit\u00e9 europ\u00e9enne est en jeu et que la Russie est une menace continentale.<\/p>\n","protected":false},"excerpt":{"rendered":"GUIDO BERGMANN \/ AFP Friedrich Merz saluant le pr\u00e9sident ukrainien Volodymyr Zelensky avant une r\u00e9union dans la cour&hellip;\n","protected":false},"author":2,"featured_media":599492,"comment_status":"","ping_status":"","sticky":false,"template":"","format":"standard","meta":{"footnotes":""},"categories":[1589],"tags":[11,1898,73,1866,131,14,12,1864,1865,1863,308,134],"class_list":{"0":"post-599491","1":"post","2":"type-post","3":"status-publish","4":"format-standard","5":"has-post-thumbnail","7":"category-etats-unis","8":"tag-actualites","9":"tag-berlin","10":"tag-etats-unis","11":"tag-etats-unis-damerique","12":"tag-guerre-en-ukraine","13":"tag-international","14":"tag-news","15":"tag-united-states","16":"tag-united-states-of-america","17":"tag-us","18":"tag-usa","19":"tag-volodymyr-zelensky"},"share_on_mastodon":{"url":"https:\/\/pubeurope.com\/@fr\/115720088585556890","error":""},"_links":{"self":[{"href":"https:\/\/www.europesays.com\/fr\/wp-json\/wp\/v2\/posts\/599491","targetHints":{"allow":["GET"]}}],"collection":[{"href":"https:\/\/www.europesays.com\/fr\/wp-json\/wp\/v2\/posts"}],"about":[{"href":"https:\/\/www.europesays.com\/fr\/wp-json\/wp\/v2\/types\/post"}],"author":[{"embeddable":true,"href":"https:\/\/www.europesays.com\/fr\/wp-json\/wp\/v2\/users\/2"}],"replies":[{"embeddable":true,"href":"https:\/\/www.europesays.com\/fr\/wp-json\/wp\/v2\/comments?post=599491"}],"version-history":[{"count":0,"href":"https:\/\/www.europesays.com\/fr\/wp-json\/wp\/v2\/posts\/599491\/revisions"}],"wp:featuredmedia":[{"embeddable":true,"href":"https:\/\/www.europesays.com\/fr\/wp-json\/wp\/v2\/media\/599492"}],"wp:attachment":[{"href":"https:\/\/www.europesays.com\/fr\/wp-json\/wp\/v2\/media?parent=599491"}],"wp:term":[{"taxonomy":"category","embeddable":true,"href":"https:\/\/www.europesays.com\/fr\/wp-json\/wp\/v2\/categories?post=599491"},{"taxonomy":"post_tag","embeddable":true,"href":"https:\/\/www.europesays.com\/fr\/wp-json\/wp\/v2\/tags?post=599491"}],"curies":[{"name":"wp","href":"https:\/\/api.w.org\/{rel}","templated":true}]}}