{"id":599493,"date":"2025-12-14T21:39:14","date_gmt":"2025-12-14T21:39:14","guid":{"rendered":"https:\/\/www.europesays.com\/fr\/599493\/"},"modified":"2025-12-14T21:39:14","modified_gmt":"2025-12-14T21:39:14","slug":"apres-une-pause-de-quatre-semaines-plus-de-700-migrants-ont-traverse-la-manche-en-une-journee","status":"publish","type":"post","link":"https:\/\/www.europesays.com\/fr\/599493\/","title":{"rendered":"Apr\u00e8s une pause de quatre semaines, plus de 700 migrants ont travers\u00e9 la Manche en une journ\u00e9e"},"content":{"rendered":"<p>Un samedi qui met fin \u00e0 <a href=\"https:\/\/www.20minutes.fr\/monde\/4191316-20251213-royaume-uni-plus-longue-periode-arrivees-migrants-manche-depuis-2018\" target=\"_blank\" class=\"c-link c-link--is-underlined\" rel=\"noopener\">une accalmie de 28 jours<\/a>, la plus longue depuis sept ans. Plus de <a href=\"https:\/\/www.20minutes.fr\/monde\/4186777-20251120-migrants-idee-utiliser-filets-entraver-bateaux-eaux-francaises-inquiete\" target=\"_blank\" class=\"c-link c-link--is-underlined\" rel=\"noopener\">700 migrants<\/a> ont travers\u00e9 <a href=\"https:\/\/www.20minutes.fr\/societe\/4180154-20251018-migrants-pres-200-personnes-tentaient-rejoindre-angleterre-secourues-vingt-quatre-heures\" target=\"_blank\" class=\"c-link c-link--is-underlined\" rel=\"noopener\">la Manche<\/a> sur de petites embarcations pour rejoindre <a href=\"https:\/\/www.20minutes.fr\/societe\/4191219-20251212-plus-sandwich-jambon-beurre-fromage-eurostar-consequence-improbable-mesure-sanitaire\" target=\"_blank\" class=\"c-link c-link--is-underlined\" rel=\"noopener\">les c\u00f4tes anglaises<\/a>, selon des chiffres officiels publi\u00e9s dimanche.<\/p>\n<p>Ces 737 arriv\u00e9es, plus pr\u00e9cis\u00e9ment, via 11 bateaux, portent \u00e0 40.029 le nombre de migrants qui ont atteint les c\u00f4tes anglaises cette ann\u00e9e, un chiffre qui d\u00e9passe celui de l\u2019ann\u00e9e\u00a02024 (36.816). Mais, ces chiffres restent, pour l\u2019instant, en de\u00e7\u00e0 de ceux enregistr\u00e9s en\u00a02022 (45.774 arriv\u00e9es), ann\u00e9e record depuis le d\u00e9but du ph\u00e9nom\u00e8ne en\u00a02018.<\/p>\n<\/p>\n<p>Un accord entre Londres et Paris toujours en cours<\/p>\n<p>Avant samedi, les derni\u00e8res travers\u00e9es remontaient au 14\u00a0novembre, selon le Home Office, marquant ainsi la plus longue p\u00e9riode ininterrompue sans arriv\u00e9es depuis l\u2019automne\u00a02018. Selon plusieurs observateurs, cette pause \u00e9tait le r\u00e9sultat de mauvaises conditions m\u00e9t\u00e9orologiques.<\/p>\n<p>Le gouvernement travailliste de Keir Starmer a fait de la lutte contre l\u2019immigration irr\u00e9guli\u00e8re une de ses priorit\u00e9s, sous la pression notamment de la mont\u00e9e du parti d\u2019extr\u00eame droite Reform UK.<\/p>\n<p>Pour ce faire, Londres a conclu cet \u00e9t\u00e9 un accord avec Paris qui consiste \u00e0 renvoyer en France des migrants arriv\u00e9s au Royaume-Uni \u00e0 bord d\u2019embarcations pr\u00e9caires. En \u00e9change de l\u2019accueil par le Royaume-Uni de migrants se trouvant en France, sur le principe du \u00ab\u00a0un pour un\u00a0\u00bb.<\/p>\n","protected":false},"excerpt":{"rendered":"Un samedi qui met fin \u00e0 une accalmie de 28 jours, la plus longue depuis sept ans. Plus&hellip;\n","protected":false},"author":2,"featured_media":599494,"comment_status":"","ping_status":"","sticky":false,"template":"","format":"standard","meta":{"footnotes":""},"categories":[1588],"tags":[47,11,1777,674,662,1061,6734,2581,14653,1251,74,12,5161,473,1853,1851,1850,1852],"class_list":{"0":"post-599493","1":"post","2":"type-post","3":"status-publish","4":"format-standard","5":"has-post-thumbnail","7":"category-royaume-uni","8":"tag-actualite","9":"tag-actualites","10":"tag-eu","11":"tag-europe","12":"tag-ile-de-france","13":"tag-immigration","14":"tag-immigration-clandestine","15":"tag-keir-starmer","16":"tag-manche","17":"tag-migrants","18":"tag-monde","19":"tag-news","20":"tag-normandie","21":"tag-royaume-uni","22":"tag-royaume-uni-de-grande-bretagne-et-dirlande-du-nord","23":"tag-uk","24":"tag-united-kingdom","25":"tag-united-kingdom-of-great-britain-and-northern-ireland"},"share_on_mastodon":{"url":"https:\/\/pubeurope.com\/@fr\/115720091353541470","error":""},"_links":{"self":[{"href":"https:\/\/www.europesays.com\/fr\/wp-json\/wp\/v2\/posts\/599493","targetHints":{"allow":["GET"]}}],"collection":[{"href":"https:\/\/www.europesays.com\/fr\/wp-json\/wp\/v2\/posts"}],"about":[{"href":"https:\/\/www.europesays.com\/fr\/wp-json\/wp\/v2\/types\/post"}],"author":[{"embeddable":true,"href":"https:\/\/www.europesays.com\/fr\/wp-json\/wp\/v2\/users\/2"}],"replies":[{"embeddable":true,"href":"https:\/\/www.europesays.com\/fr\/wp-json\/wp\/v2\/comments?post=599493"}],"version-history":[{"count":0,"href":"https:\/\/www.europesays.com\/fr\/wp-json\/wp\/v2\/posts\/599493\/revisions"}],"wp:featuredmedia":[{"embeddable":true,"href":"https:\/\/www.europesays.com\/fr\/wp-json\/wp\/v2\/media\/599494"}],"wp:attachment":[{"href":"https:\/\/www.europesays.com\/fr\/wp-json\/wp\/v2\/media?parent=599493"}],"wp:term":[{"taxonomy":"category","embeddable":true,"href":"https:\/\/www.europesays.com\/fr\/wp-json\/wp\/v2\/categories?post=599493"},{"taxonomy":"post_tag","embeddable":true,"href":"https:\/\/www.europesays.com\/fr\/wp-json\/wp\/v2\/tags?post=599493"}],"curies":[{"name":"wp","href":"https:\/\/api.w.org\/{rel}","templated":true}]}}