{"id":599495,"date":"2025-12-14T21:40:17","date_gmt":"2025-12-14T21:40:17","guid":{"rendered":"https:\/\/www.europesays.com\/fr\/599495\/"},"modified":"2025-12-14T21:40:17","modified_gmt":"2025-12-14T21:40:17","slug":"le-bayern-accroche-pour-la-premiere-fois-a-domicile-par-la-lanterne-rouge-mayence","status":"publish","type":"post","link":"https:\/\/www.europesays.com\/fr\/599495\/","title":{"rendered":"le Bayern accroch\u00e9 pour la premi\u00e8re fois \u00e0 domicile par la lanterne rouge Mayence"},"content":{"rendered":"<p><strong>Bayern Munich\u00a0&#8211; Mayence\u00a0: 2-2<\/strong><\/p>\n<p>Le Bayern est pass\u00e9 tout pr\u00e8s d\u2019un \u00e9chec retentissant dimanche face \u00e0 la lanterne rouge Mayence\u00a0: longtemps men\u00e9s, les champions d\u2019Allemagne ont sauv\u00e9 l\u2019essentiel mais conc\u00e9d\u00e9 leur premier match nul \u00e0 domicile (2-2), dont n\u2019ont pas su profiter les poursuivants Leipzig et Dortmund, lors de la 14e journ\u00e9e.<\/p>\n<p>Intraitables depuis le d\u00e9but de la saison avec 12 victoires et un nul et 37 points pris sur 39, les Bavarois avaient l\u2019habitude de ne laisser que des miettes \u00e0 leurs adversaires. Leur seul faux pas jusqu\u2019alors \u00e9tait un nul sur le terrain de l\u2019Union Berlin, le 8\u00a0novembre (2-2).<\/p>\n<p>Mayence, 18e et bon dernier de Bundesliga avec six points et un seul succ\u00e8s en treize rencontres, avait tout de la victime d\u00e9sign\u00e9e pour une nouvelle correction.\u00a0D\u2019autant que le club rh\u00e9nan avait l\u2019habitude de repartir de Munich sur des scores fleuves\u00a0: 6-0 en mars\u00a02018, 6-1 en ao\u00fbt\u00a02019, 5-2 en janvier\u00a02021, 6-2 en octobre\u00a02022 et 8-1 en mars\u00a02024.<\/p>\n<p>Comme pr\u00e9vu, les visiteurs ont d\u2019abord ploy\u00e9 face au rouleau compresseur bavarois. Lennart Karl, le prodige de 17\u00a0ans, a ouvert le score \u00e0 la 29e minute sur une remise de Serge Gnabry \u00e0 l\u2019issue d\u2019un mouvement initi\u00e9 par Michael Olise et relay\u00e9 par Harry Kane. Mardi dernier, Karl avait contribu\u00e9 \u00e0 la victoire renversante du Bayern contre le Sporting Portugal (3-1) en Ligue des champions, devenant \u00e0 17\u00a0ans et 290 jours le plus jeune joueur \u00e0 marquer dans trois matchs cons\u00e9cutifs de C1 (contre Bruges, \u00e0 Arsenal et contre le Sporting).<\/p>\n<p>En d\u00e9pit d\u2019une domination outrageante des champions en titre (85\u00a0% de possession, 11 tirs cadr\u00e9s \u00e0 2 et sept corners \u00e0 z\u00e9ro), Mayence a r\u00e9ussi \u00e0 recoller dans le temps additionnel de la premi\u00e8re p\u00e9riode gr\u00e2ce \u00e0 une t\u00eate du d\u00e9fenseur Kacper Potulski \u00e0 la r\u00e9ception d\u2019un coup franc (45e +\u00a02).<\/p>\n<p>La mainmise du Bayern, toujours aussi forte \u00e0 la reprise, est rest\u00e9e st\u00e9rile avec tr\u00e8s peu de positions de frappe pour les joueurs de Vincent Kompany. C\u2019est Mayence qui a une nouvelle fois plomb\u00e9 l\u2019ambiance avec un but de Jae-sung Lee d\u2019une t\u00eate crois\u00e9e qui a tromp\u00e9 Manuel Neuer (67e).<\/p>\n<p>Des poursuivants \u00e0 distance<\/p>\n<p>Les Munichois ont press\u00e9 en fin de match mais se sont heurt\u00e9s au gardien Daniel Batz, notamment sur une frappe excentr\u00e9e de Gnabry (72e). Batz n\u2019a cependant rien pu faire face \u00e0 Harry Kane qui a remis les deux \u00e9quipes \u00e0 \u00e9galit\u00e9 sur penalty (87e). Victime d\u2019un tirage de maillot, le meilleur buteur du championnat (18 buts) s\u2019est fait justice.<\/p>\n<p>Cette saison, le Bayern a subi sa seule d\u00e9faite le 26\u00a0novembre en Ligue des champions \u00e0 Arsenal (3-1). Depuis, il restait sur quatre succ\u00e8s, deux en Bundesliga (3-1 contre Sankt Pauli, 0-5 face \u00e0 Stuttgart), un en Coupe (Union Berlin) et la derni\u00e8re mardi en C1 contre le Sporting Portugal (3-1). <\/p>\n<p>Certes frein\u00e9, le Bayern peut voir venir car ses poursuivants ont eux aussi marqu\u00e9 le pas et restent \u00e0 bonne distance. Le troisi\u00e8me, Dortmund (29\u00a0pt), n\u2019a pu faire mieux qu\u2019un nul 1-1 dimanche \u00e0 Fribourg. Les joueurs de la Ruhr, r\u00e9duits \u00e0 dix apr\u00e8s l\u2019expulsion de Jobe Bellingham, n\u2019ont pas profit\u00e9 du faux pas du RB Leipzig (29\u00a0pt aussi mais une diff\u00e9rence de buts l\u00e9g\u00e8rement favorable), battu vendredi soir sur le terrain de l\u2019Union Berlin (3-1).<\/p>\n<p>Lors de la prochaine journ\u00e9e, samedi, Leipzig recevra Leverkusen (4e) et Dortmund accueillera Monchengladbach (11e).\u00a0Nul doute que, pour sa part, le Bayern se m\u00e9fiera de son d\u00e9placement \u00e0 Heidenheim, actuel avant-dernier.<\/p>\n","protected":false},"excerpt":{"rendered":"Bayern Munich\u00a0&#8211; Mayence\u00a0: 2-2 Le Bayern est pass\u00e9 tout pr\u00e8s d\u2019un \u00e9chec retentissant dimanche face \u00e0 la lanterne&hellip;\n","protected":false},"author":2,"featured_media":599496,"comment_status":"","ping_status":"","sticky":false,"template":"","format":"standard","meta":{"footnotes":""},"categories":[1587],"tags":[11,672,1804,1805,1803,1777,674,63,1801,74,12,1802,60],"class_list":{"0":"post-599495","1":"post","2":"type-post","3":"status-publish","4":"format-standard","5":"has-post-thumbnail","7":"category-allemagne","8":"tag-actualites","9":"tag-allemagne","10":"tag-bundesrepublik-deutschland","11":"tag-de","12":"tag-deutschland","13":"tag-eu","14":"tag-europe","15":"tag-football","16":"tag-germany","17":"tag-monde","18":"tag-news","19":"tag-republique-federale-dallemagne","20":"tag-sports"},"share_on_mastodon":{"url":"https:\/\/pubeurope.com\/@fr\/115720095432090915","error":""},"_links":{"self":[{"href":"https:\/\/www.europesays.com\/fr\/wp-json\/wp\/v2\/posts\/599495","targetHints":{"allow":["GET"]}}],"collection":[{"href":"https:\/\/www.europesays.com\/fr\/wp-json\/wp\/v2\/posts"}],"about":[{"href":"https:\/\/www.europesays.com\/fr\/wp-json\/wp\/v2\/types\/post"}],"author":[{"embeddable":true,"href":"https:\/\/www.europesays.com\/fr\/wp-json\/wp\/v2\/users\/2"}],"replies":[{"embeddable":true,"href":"https:\/\/www.europesays.com\/fr\/wp-json\/wp\/v2\/comments?post=599495"}],"version-history":[{"count":0,"href":"https:\/\/www.europesays.com\/fr\/wp-json\/wp\/v2\/posts\/599495\/revisions"}],"wp:featuredmedia":[{"embeddable":true,"href":"https:\/\/www.europesays.com\/fr\/wp-json\/wp\/v2\/media\/599496"}],"wp:attachment":[{"href":"https:\/\/www.europesays.com\/fr\/wp-json\/wp\/v2\/media?parent=599495"}],"wp:term":[{"taxonomy":"category","embeddable":true,"href":"https:\/\/www.europesays.com\/fr\/wp-json\/wp\/v2\/categories?post=599495"},{"taxonomy":"post_tag","embeddable":true,"href":"https:\/\/www.europesays.com\/fr\/wp-json\/wp\/v2\/tags?post=599495"}],"curies":[{"name":"wp","href":"https:\/\/api.w.org\/{rel}","templated":true}]}}