{"id":599499,"date":"2025-12-14T21:42:39","date_gmt":"2025-12-14T21:42:39","guid":{"rendered":"https:\/\/www.europesays.com\/fr\/599499\/"},"modified":"2025-12-14T21:42:39","modified_gmt":"2025-12-14T21:42:39","slug":"dolomieu-latelier-de-noel-a-eu-du-succes-a-la-mediatheque","status":"publish","type":"post","link":"https:\/\/www.europesays.com\/fr\/599499\/","title":{"rendered":"Dolomieu. L\u2019atelier de No\u00ebl a eu du succ\u00e8s \u00e0 la m\u00e9diath\u00e8que"},"content":{"rendered":"<p>La m\u00e9diath\u00e8que a accueilli avec succ\u00e8s un atelier de No\u00ebl le samedi 13 d\u00e9cembre.<\/p>\n<p>St\u00e9phanie et son \u00e9quipe ont propos\u00e9 des id\u00e9es pour d\u00e9corer la maison, la table\u2026 Les enfants et leurs parents ont ainsi pu confectionner de jolis objets de d\u00e9cos.<\/p>\n<p class=\"note\">Permanences de la m\u00e9diath\u00e8que\u00a0: mardi et jeudi de 16 \u00e0 18\u00a0heures, mercredi et samedi de 10\u00a0heures \u00e0 midi. Contact : au 04\u00a074\u00a033\u00a005\u00a017\u00a0ou \u00e0 bibliotheque@dolomieu.fr.<\/p>\n","protected":false},"excerpt":{"rendered":"La m\u00e9diath\u00e8que a accueilli avec succ\u00e8s un atelier de No\u00ebl le samedi 13 d\u00e9cembre. St\u00e9phanie et son \u00e9quipe&hellip;\n","protected":false},"author":2,"featured_media":599500,"comment_status":"","ping_status":"","sticky":false,"template":"","format":"standard","meta":{"footnotes":""},"categories":[1586],"tags":[11,1687,25261,116,1777,674,1779,1011,27,12,38801,25,1778,364],"class_list":{"0":"post-599499","1":"post","2":"type-post","3":"status-publish","4":"format-standard","5":"has-post-thumbnail","7":"category-europe","8":"tag-actualites","9":"tag-culture-loisirs","10":"tag-dolomieu","11":"tag-edition-la-tour-du-pin-nord-dauphine","12":"tag-eu","13":"tag-europe","14":"tag-european-union","15":"tag-fr","16":"tag-france","17":"tag-news","18":"tag-pays-turripinois","19":"tag-republique-francaise","20":"tag-ue","21":"tag-union-europeenne"},"share_on_mastodon":{"url":"https:\/\/pubeurope.com\/@fr\/115720103197708330","error":""},"_links":{"self":[{"href":"https:\/\/www.europesays.com\/fr\/wp-json\/wp\/v2\/posts\/599499","targetHints":{"allow":["GET"]}}],"collection":[{"href":"https:\/\/www.europesays.com\/fr\/wp-json\/wp\/v2\/posts"}],"about":[{"href":"https:\/\/www.europesays.com\/fr\/wp-json\/wp\/v2\/types\/post"}],"author":[{"embeddable":true,"href":"https:\/\/www.europesays.com\/fr\/wp-json\/wp\/v2\/users\/2"}],"replies":[{"embeddable":true,"href":"https:\/\/www.europesays.com\/fr\/wp-json\/wp\/v2\/comments?post=599499"}],"version-history":[{"count":0,"href":"https:\/\/www.europesays.com\/fr\/wp-json\/wp\/v2\/posts\/599499\/revisions"}],"wp:featuredmedia":[{"embeddable":true,"href":"https:\/\/www.europesays.com\/fr\/wp-json\/wp\/v2\/media\/599500"}],"wp:attachment":[{"href":"https:\/\/www.europesays.com\/fr\/wp-json\/wp\/v2\/media?parent=599499"}],"wp:term":[{"taxonomy":"category","embeddable":true,"href":"https:\/\/www.europesays.com\/fr\/wp-json\/wp\/v2\/categories?post=599499"},{"taxonomy":"post_tag","embeddable":true,"href":"https:\/\/www.europesays.com\/fr\/wp-json\/wp\/v2\/tags?post=599499"}],"curies":[{"name":"wp","href":"https:\/\/api.w.org\/{rel}","templated":true}]}}