{"id":599504,"date":"2025-12-14T21:45:28","date_gmt":"2025-12-14T21:45:28","guid":{"rendered":"https:\/\/www.europesays.com\/fr\/599504\/"},"modified":"2025-12-14T21:45:28","modified_gmt":"2025-12-14T21:45:28","slug":"des-eleveurs-procedent-a-des-blocages-routiers-contre-labattage-des-troupeaux","status":"publish","type":"post","link":"https:\/\/www.europesays.com\/fr\/599504\/","title":{"rendered":"des \u00e9leveurs proc\u00e8dent \u00e0 des blocages routiers contre l\u2019abattage des troupeaux"},"content":{"rendered":"<p>AA \/ Istanbul \/ Adama Bamba<\/p>\n<p>Des \u00e9leveurs fran\u00e7ais se mobilisent depuis plusieurs jours pour d\u00e9noncer l\u2019abattage syst\u00e9matique des troupeaux bovins en cas de dermatose nodulaire contagieuse (DNC), une maladie virale touchant les bovins, et ont mis en place des blocages sur plusieurs routes ce dimanche, notamment dans le Sud-Ouest, selon des informations rapport\u00e9es par le m\u00e9dia fran\u00e7ais BFMTV.<\/p>\n<p>Face \u00e0 cette col\u00e8re persistante, la ministre de l\u2019Agriculture, Annie Genevard, a annonc\u00e9 dimanche qu\u2019elle se rendrait lundi dans la r\u00e9gion afin d\u2019assister \u00ab au d\u00e9but de la vaccination \u00bb des troupeaux concern\u00e9s. Cette visite vise \u00e0 apaiser les tensions et \u00e0 accompagner le lancement de la campagne vaccinale contre la DNC.<\/p>\n<p>Le Sud-Ouest demeure l\u2019\u00e9picentre de la contestation, la Coordination rurale promettant de ne rien l\u00e2cher tant que \u00ab l\u2019arr\u00eat des abattages totaux \u00bb des troupeaux ne sera pas obtenu. Des cas de dermatose nodulaire contagieuse y ont \u00e9t\u00e9 d\u00e9tect\u00e9s, entra\u00eenant des mesures sanitaires strictes d\u00e9cid\u00e9es par les autorit\u00e9s.<\/p>\n<p>La ministre Annie Genevard, qui s&rsquo;exprimait au micro d&rsquo;Europe 1, a d\u00e9fendu la strat\u00e9gie gouvernementale. \u00ab C\u2019est un d\u00e9fi que nous allons relever avec les \u00e9leveurs : vacciner, dans les d\u00e9lais les plus rapides possibles, un million de b\u00eates, parce que c\u2019est le chemin pour lutter contre la maladie \u00bb, a-t-elle d\u00e9clar\u00e9.<\/p>\n<p>Elle a soulign\u00e9 l\u2019importance de cette campagne, la pr\u00e9sentant comme \u00ab un chemin d\u2019espoir pour emp\u00eacher l\u2019abattage des troupeaux \u00bb, sans manquer de rappeler qu\u2019elle s\u2019\u00e9tait d\u00e9j\u00e0 rendue dans d\u2019autres d\u00e9partements touch\u00e9s, notamment en Savoie, en Haute-Savoie et dans le Jura, pour accompagner des op\u00e9rations similaires.<\/p>\n<p>                            &#13;<br \/>\n                                <a href=\"https:\/\/www.aa.com.tr\/fr\/p\/abonnement\/1001\" target=\"_blank\" style=\"font-size:12px; color:#444; text-decoration:none;\" rel=\"noopener\">&#13;<br \/>\n                                    Seulement une partie des d\u00e9p\u00eaches, que l&rsquo;Agence Anadolu diffuse \u00e0 ses abonn\u00e9s via le Syst\u00e8me de Diffusion interne (HAS), est diffus\u00e9e sur le site de l&rsquo;AA, de mani\u00e8re r\u00e9sum\u00e9e. <b style=\"color:#1897F7\">Contactez-nous s&rsquo;il vous pla\u00eet pour vous abonner.<\/b>&#13;<br \/>\n                                <\/a>&#13;<\/p>\n","protected":false},"excerpt":{"rendered":"AA \/ Istanbul \/ Adama Bamba Des \u00e9leveurs fran\u00e7ais se mobilisent depuis plusieurs jours pour d\u00e9noncer l\u2019abattage syst\u00e9matique&hellip;\n","protected":false},"author":2,"featured_media":599505,"comment_status":"","ping_status":"","sticky":false,"template":"","format":"standard","meta":{"footnotes":""},"categories":[4],"tags":[71193,11,1785,40857,1011,27,12,25],"class_list":{"0":"post-599504","1":"post","2":"type-post","3":"status-publish","4":"format-standard","5":"has-post-thumbnail","7":"category-france","8":"tag-abattage-des-troupeaux","9":"tag-actualites","10":"tag-anadolu-ajansi","11":"tag-annie-genevard","12":"tag-fr","13":"tag-france","14":"tag-news","15":"tag-republique-francaise"},"share_on_mastodon":{"url":"https:\/\/pubeurope.com\/@fr\/115720114876139668","error":""},"_links":{"self":[{"href":"https:\/\/www.europesays.com\/fr\/wp-json\/wp\/v2\/posts\/599504","targetHints":{"allow":["GET"]}}],"collection":[{"href":"https:\/\/www.europesays.com\/fr\/wp-json\/wp\/v2\/posts"}],"about":[{"href":"https:\/\/www.europesays.com\/fr\/wp-json\/wp\/v2\/types\/post"}],"author":[{"embeddable":true,"href":"https:\/\/www.europesays.com\/fr\/wp-json\/wp\/v2\/users\/2"}],"replies":[{"embeddable":true,"href":"https:\/\/www.europesays.com\/fr\/wp-json\/wp\/v2\/comments?post=599504"}],"version-history":[{"count":0,"href":"https:\/\/www.europesays.com\/fr\/wp-json\/wp\/v2\/posts\/599504\/revisions"}],"wp:featuredmedia":[{"embeddable":true,"href":"https:\/\/www.europesays.com\/fr\/wp-json\/wp\/v2\/media\/599505"}],"wp:attachment":[{"href":"https:\/\/www.europesays.com\/fr\/wp-json\/wp\/v2\/media?parent=599504"}],"wp:term":[{"taxonomy":"category","embeddable":true,"href":"https:\/\/www.europesays.com\/fr\/wp-json\/wp\/v2\/categories?post=599504"},{"taxonomy":"post_tag","embeddable":true,"href":"https:\/\/www.europesays.com\/fr\/wp-json\/wp\/v2\/tags?post=599504"}],"curies":[{"name":"wp","href":"https:\/\/api.w.org\/{rel}","templated":true}]}}