{"id":599506,"date":"2025-12-14T21:47:14","date_gmt":"2025-12-14T21:47:14","guid":{"rendered":"https:\/\/www.europesays.com\/fr\/599506\/"},"modified":"2025-12-14T21:47:14","modified_gmt":"2025-12-14T21:47:14","slug":"on-aurait-bien-voulu-terminer-ce-match-sur-une-victoire-lalterna-stade-poitevin-renversant-puis-renverse-face-a-nice","status":"publish","type":"post","link":"https:\/\/www.europesays.com\/fr\/599506\/","title":{"rendered":"\u00ab\u00a0on aurait bien voulu terminer ce match sur une victoire\u00a0\u00bb, l&rsquo;Alterna Stade Poitevin renversant puis renvers\u00e9 face \u00e0 Nice"},"content":{"rendered":"<p><strong>Alterna Stade Poitevin\u00a0&#8211; Nice\u00a0: 2-3<\/strong><\/p>\n<p>Les Poitevins ne sont, cette fois, pas rentr\u00e9s aux vestiaires comme cela avait \u00e9t\u00e9 le cas apr\u00e8s la d\u00e9faite renversante face \u00e0 Toulouse pour entendre le discours de Dan Lewis. Le coach canadien l\u2019a directement tenu sur le terrain. En haussant le ton et en joignant le geste \u00e0 la parole devant ses prot\u00e9g\u00e9s r\u00e9unis en cercle. Peu importe si 1.500 personnes ont pu assister \u00e0 cette sc\u00e8ne ou si les Ni\u00e7ois c\u00e9l\u00e9braient leur victoire et le titre de MVP de Lohan Nack-Minyem, auteur de 10 contres gagnants, de l\u2019autre c\u00f4t\u00e9 du filet. C\u2019\u00e9tait plus fort que lui, le technicien canadien ne pouvait pas retenir sa frustration et sa col\u00e8re apr\u00e8s ce revers au terrible go\u00fbt d\u2019inachev\u00e9.<\/p>\n<p>Une vingtaine de minutes plus tard, Dan Lewis \u00e9tait d\u2019ailleurs toujours en train de ressasser et chercher les solutions pour que son \u00e9quipe \u00ab\u00a0ferme le syst\u00e8me.\u00a0\u00bb \u00ab\u00a0Il nous a manqu\u00e9 de la discipline, assurait-il. Par exemple, quand on a commenc\u00e9 \u00e0 contrer, ils se sont adapt\u00e9s en attaquant la ligne et on ne l\u2019a pas ferm\u00e9e. C\u2019est une faute mentale et m\u00e9canique.\u00a0\u00bb Ses hommes ne sont pas des machines et l\u2019ont montr\u00e9 face aux Azur\u00e9ens en vivant et en procurant d\u2019incroyables \u00e9motions \u00e0 leurs supporters. Car Simon Gill et ses partenaires ont su arracher un point qu\u2019ils n\u2019auraient pas d\u00fb d\u00e9crocher et ont perdu un match qu\u2019ils devaient gagner en cinq sets, laissant tout le monde sur un terrible sentiment d\u2019inachev\u00e9&#8230;. <\/p>\n<p>    Cet article a \u00e9t\u00e9 tronqu\u00e9. Abonnez-vous pour lire l&rsquo;article complet sur notre site.<\/p>\n<p style=\"margin: 0 !important; padding: 0 !important; font-size: 12px !important;\">Cet article a \u00e9t\u00e9 tronqu\u00e9. Abonnez-vous pour lire l&rsquo;article complet.<\/p>\n<p>    <a href=\"https:\/\/www.lanouvellerepublique.fr\/abonnements\" style=\"display: inline-block; margin-top: 5px !important; padding: 6px 12px !important; background: #cb1c27; color: white; text-decoration: none; border-radius: 4px; font-size: 12px !important;\" target=\"_blank\" rel=\"noopener\"><br \/>\n      S&rsquo;abonner<br \/>\n    <\/a><\/p>\n","protected":false},"excerpt":{"rendered":"Alterna Stade Poitevin\u00a0&#8211; Nice\u00a0: 2-3 Les Poitevins ne sont, cette fois, pas rentr\u00e9s aux vestiaires comme cela avait&hellip;\n","protected":false},"author":2,"featured_media":599507,"comment_status":"","ping_status":"","sticky":false,"template":"","format":"standard","meta":{"footnotes":""},"categories":[1417],"tags":[1654,1011,27,1655,1653,60,1584,1470,1469],"class_list":{"0":"post-599506","1":"post","2":"type-post","3":"status-publish","4":"format-standard","5":"has-post-thumbnail","7":"category-volley","8":"tag-alterna-stade-poitevin-volley-ball","9":"tag-fr","10":"tag-france","11":"tag-ligue-a","12":"tag-poitiers","13":"tag-sports","14":"tag-vienne","15":"tag-volley","16":"tag-volleyball"},"share_on_mastodon":{"url":"https:\/\/pubeurope.com\/@fr\/115720122848878619","error":""},"_links":{"self":[{"href":"https:\/\/www.europesays.com\/fr\/wp-json\/wp\/v2\/posts\/599506","targetHints":{"allow":["GET"]}}],"collection":[{"href":"https:\/\/www.europesays.com\/fr\/wp-json\/wp\/v2\/posts"}],"about":[{"href":"https:\/\/www.europesays.com\/fr\/wp-json\/wp\/v2\/types\/post"}],"author":[{"embeddable":true,"href":"https:\/\/www.europesays.com\/fr\/wp-json\/wp\/v2\/users\/2"}],"replies":[{"embeddable":true,"href":"https:\/\/www.europesays.com\/fr\/wp-json\/wp\/v2\/comments?post=599506"}],"version-history":[{"count":0,"href":"https:\/\/www.europesays.com\/fr\/wp-json\/wp\/v2\/posts\/599506\/revisions"}],"wp:featuredmedia":[{"embeddable":true,"href":"https:\/\/www.europesays.com\/fr\/wp-json\/wp\/v2\/media\/599507"}],"wp:attachment":[{"href":"https:\/\/www.europesays.com\/fr\/wp-json\/wp\/v2\/media?parent=599506"}],"wp:term":[{"taxonomy":"category","embeddable":true,"href":"https:\/\/www.europesays.com\/fr\/wp-json\/wp\/v2\/categories?post=599506"},{"taxonomy":"post_tag","embeddable":true,"href":"https:\/\/www.europesays.com\/fr\/wp-json\/wp\/v2\/tags?post=599506"}],"curies":[{"name":"wp","href":"https:\/\/api.w.org\/{rel}","templated":true}]}}