{"id":59951,"date":"2025-04-28T18:58:09","date_gmt":"2025-04-28T18:58:09","guid":{"rendered":"https:\/\/www.europesays.com\/fr\/59951\/"},"modified":"2025-04-28T18:58:09","modified_gmt":"2025-04-28T18:58:09","slug":"metropole-de-lyon-qui-doit-nettoyer-les-marches-dans-cette-commune-du-sud-de-lyon-mairie-et-metropole-se-renvoient-la-balle","status":"publish","type":"post","link":"https:\/\/www.europesays.com\/fr\/59951\/","title":{"rendered":"M\u00e9tropole de Lyon. Qui doit nettoyer les march\u00e9s\u00a0? Dans cette commune du sud de Lyon, mairie et M\u00e9tropole se renvoient la balle"},"content":{"rendered":"<p>\u00ab\u00a0Face au d\u00e9sengagement de la M\u00e9tropole, la Ville agit\u00a0\u00bb. Dans un communiqu\u00e9 publi\u00e9 r\u00e9cemment, pr\u00e9sentant un dispositif de lutte contre les incivilit\u00e9s, la municipalit\u00e9 d\u2019Oullins-Pierre-B\u00e9nite (majorit\u00e9 LR) en profite pour \u00e9gratigner la M\u00e9tropole de Lyon (Les Verts) quant \u00e0 son \u00ab\u00a0recul sur plusieurs comp\u00e9tences cl\u00e9s li\u00e9es \u00e0 la propret\u00e9\u00a0\u00bb.<\/p>\n<p>Selon elle, \u00ab\u00a0avec l\u2019abandon de la gestion des d\u00e9chets sur les march\u00e9s forains [\u2026] la M\u00e9tropole a cess\u00e9 toute implication. La Ville refuse d\u2019assumer seule ce co\u00fbt, qui se monte \u00e0 plus de 120\u00a0000\u00a0\u20ac sur l\u2019ann\u00e9e 2024\u00a0\u00bb.<\/p>\n<p>Zone grise<\/p>\n<p>Une accusation que r\u00e9fute la M\u00e9tropole, qui estime que le nettoyage des\u00a0march\u00e9s rel\u00e8ve de la comp\u00e9tence de la commune\u00a0: \u00ab\u00a0Jusqu\u2019en 2024, on collectait et&#8230;<\/p>\n","protected":false},"excerpt":{"rendered":"\u00ab\u00a0Face au d\u00e9sengagement de la M\u00e9tropole, la Ville agit\u00a0\u00bb. Dans un communiqu\u00e9 publi\u00e9 r\u00e9cemment, pr\u00e9sentant un dispositif de&hellip;\n","protected":false},"author":2,"featured_media":59952,"comment_status":"","ping_status":"","sticky":false,"template":"","format":"standard","meta":{"footnotes":""},"categories":[1889],"tags":[1111,11,2430,4406,1984,130,33,3154,1777,674,1011,27,2428,12,15665,15666,316,25,2429],"class_list":{"0":"post-59951","1":"post","2":"type-post","3":"status-publish","4":"format-standard","5":"has-post-thumbnail","7":"category-lyon","8":"tag-actu","9":"tag-actualites","10":"tag-auvergne-rhone-alpes","11":"tag-commerce-et-services","12":"tag-conseil-municipal","13":"tag-consommation","14":"tag-economie","15":"tag-edition-sud-lyonnais","16":"tag-eu","17":"tag-europe","18":"tag-fr","19":"tag-france","20":"tag-lyon","21":"tag-news","22":"tag-oullins-pierre-benite","23":"tag-oullins-ville","24":"tag-politique","25":"tag-republique-francaise","26":"tag-rhone"},"share_on_mastodon":{"url":"https:\/\/pubeurope.com\/@fr\/114417126813367335","error":""},"_links":{"self":[{"href":"https:\/\/www.europesays.com\/fr\/wp-json\/wp\/v2\/posts\/59951","targetHints":{"allow":["GET"]}}],"collection":[{"href":"https:\/\/www.europesays.com\/fr\/wp-json\/wp\/v2\/posts"}],"about":[{"href":"https:\/\/www.europesays.com\/fr\/wp-json\/wp\/v2\/types\/post"}],"author":[{"embeddable":true,"href":"https:\/\/www.europesays.com\/fr\/wp-json\/wp\/v2\/users\/2"}],"replies":[{"embeddable":true,"href":"https:\/\/www.europesays.com\/fr\/wp-json\/wp\/v2\/comments?post=59951"}],"version-history":[{"count":0,"href":"https:\/\/www.europesays.com\/fr\/wp-json\/wp\/v2\/posts\/59951\/revisions"}],"wp:featuredmedia":[{"embeddable":true,"href":"https:\/\/www.europesays.com\/fr\/wp-json\/wp\/v2\/media\/59952"}],"wp:attachment":[{"href":"https:\/\/www.europesays.com\/fr\/wp-json\/wp\/v2\/media?parent=59951"}],"wp:term":[{"taxonomy":"category","embeddable":true,"href":"https:\/\/www.europesays.com\/fr\/wp-json\/wp\/v2\/categories?post=59951"},{"taxonomy":"post_tag","embeddable":true,"href":"https:\/\/www.europesays.com\/fr\/wp-json\/wp\/v2\/tags?post=59951"}],"curies":[{"name":"wp","href":"https:\/\/api.w.org\/{rel}","templated":true}]}}