{"id":599515,"date":"2025-12-14T21:55:13","date_gmt":"2025-12-14T21:55:13","guid":{"rendered":"https:\/\/www.europesays.com\/fr\/599515\/"},"modified":"2025-12-14T21:55:13","modified_gmt":"2025-12-14T21:55:13","slug":"des-positions-que-je-combats-theodora-sinsurge-apres-un-tiktok-de-jordan-bardella-avec-sa-musique","status":"publish","type":"post","link":"https:\/\/www.europesays.com\/fr\/599515\/","title":{"rendered":"\u00ab\u00a0Des positions que je combats\u00a0\u00bb\u00a0: Th\u00e9odora s\u2019insurge apr\u00e8s un TikTok de Jordan Bardella avec sa musique"},"content":{"rendered":"<p class=\"paragraph text_align_left lp-f-body-02\"><a href=\"https:\/\/www.leparisien.fr\/politique\/jordan-bardella\/\" target=\"_blank\" rel=\"noreferrer noopener\">Jordan Bardella<\/a> avec un chien, un verre de vin, dans un avion de chasse ou aux c\u00f4t\u00e9s de <a href=\"https:\/\/www.leparisien.fr\/politique\/marine-le-pen\/\" target=\"_blank\" rel=\"noreferrer noopener\">Marine Le Pen<\/a>\u2026 Voici le nouveau TikTok du pr\u00e9sident du Rassemblement national, <a href=\"https:\/\/www.tiktok.com\/@jordanbardella\/video\/7578111557410819350\" target=\"_blank\" rel=\"noreferrer noopener\">avec plusieurs millions de vues<\/a>, le tout sur le hit entra\u00eenant \u00ab melodrama \u00bb de Disiz et Th\u00e9odora. Mais la \u00ab Boss Lady \u00bb ne l\u2019a visiblement pas appr\u00e9ci\u00e9.<\/p>\n<p class=\"\">Sur Instagram, <a href=\"https:\/\/www.leparisien.fr\/culture-loisirs\/musique\/we-love-green-2026-gorillaz-the-xx-charlotte-cardin-theodora-le-festival-devoile-ses-premiers-noms-09-12-2025-6KQHK27ELFEXJEL4GZCWU4GIDE.php\" target=\"_blank\" rel=\"noreferrer noopener\">Th\u00e9odora<\/a> a donc envoy\u00e9 un message samedi \u00ab \u00e0 l\u2019attention de toutes les personnalit\u00e9s qui utilisent (sa) musique ou (son) image pour promouvoir une politique d\u2019extr\u00eame droite \u00bb.<\/p>\n<p class=\"\">\u00ab Je ne peux pas comprendre que vous, qui ne me consid\u00e9rerez jamais comme pleinement fran\u00e7aise, tiriez profit de mon travail pour d\u00e9fendre des positions que je combats et auxquelles je n\u2019ai jamais voulu \u00eatre associ\u00e9e \u00bb, a ass\u00e9n\u00e9 la chanteuse de \u00ab Kongolese sous BBL \u00bb ou \u00ab Fashion Designa \u00bb.<\/p>\n<p class=\"\">Th\u00e9odora a alors demand\u00e9 : \u00ab Pourquoi associer vos id\u00e9es \u00e0 une \u0153uvre cr\u00e9\u00e9e par une immigr\u00e9e congolaise ? \u00bb<\/p>\n<p>Id\u00e9es \u00ab n\u00e9fastes \u00bb et \u00ab m\u00e9prisantes \u00bb<\/p>\n<p class=\"\">Ayant <a href=\"https:\/\/www.leparisien.fr\/culture-loisirs\/musique\/jul-et-juliette-armanet-sur-son-album-revelation-aux-flammes-theodora-veut-etre-une-superstar-15-05-2025-4JB23DQBABDCLKDKDYZ3A7BJ7I.php\" target=\"_blank\" rel=\"noreferrer noopener\">collabor\u00e9 avec Jul ou Juliette Armanet<\/a>, la chanteuse, n\u00e9e en Suisse et \u00e2g\u00e9e de 22 ans, a continu\u00e9 : \u00ab Je ne partagerai jamais vos id\u00e9es, vos valeurs, ni vos projets politiques n\u00e9fastes, dangereux et profond\u00e9ment m\u00e9prisants envers des personnes comme moi. \u00bb<\/p>\n<p class=\"\">\u00ab N\u2019utilisez pas les mots des artistes si vous n\u2019agissez pas pour les vies qu\u2019ils d\u00e9fendent. Et cela vaut pour toutes les personnalit\u00e9s politiques \u00bb, a-t-elle conclu.<\/p>\n<p class=\"\">\u00ab Th\u00e9odora remet Bardella \u00e0 sa place, Bosslady ! \u00bb s\u2019est f\u00e9licit\u00e9e l\u2019eurod\u00e9put\u00e9e insoumise <a href=\"https:\/\/x.com\/ManonAubryFr\/status\/1999802087232704695\" target=\"_blank\" rel=\"noreferrer\">Manon Aubry sur X<\/a>.<\/p>\n<p class=\"\">Sur Instagram, la chanteuse rappelle le pr\u00e9c\u00e9dent de Zaho de Sagazan, qui avait demand\u00e9 \u00e0 <a href=\"https:\/\/www.leparisien.fr\/international\/israel\/je-partage-votre-exigence-interpelle-par-zaho-de-sagazan-sur-la-situation-a-gaza-macron-lui-repond-27-07-2025-VTYOCO7VZJCQHFOHCXTT424I6A.php\" target=\"_blank\" rel=\"noreferrer noopener\">Emmanuel Macron de ne plus utiliser son c\u00e9l\u00e8bre morceau \u00ab La Symphonie des \u00e9clairs \u00bb<\/a> s\u2019il n\u2019agissait pas plus pour les vies palestiniennes \u00e0 Gaza. Le pr\u00e9sident lui avait alors r\u00e9pondu, quand Jordan Bardella est depuis rest\u00e9 muet.<\/p>\n<p><script async src=\"\/\/www.tiktok.com\/embed.js\"><\/script><\/p>\n","protected":false},"excerpt":{"rendered":"Jordan Bardella avec un chien, un verre de vin, dans un avion de chasse ou aux c\u00f4t\u00e9s de&hellip;\n","protected":false},"author":2,"featured_media":599516,"comment_status":"","ping_status":"","sticky":false,"template":"","format":"standard","meta":{"footnotes":""},"categories":[1359],"tags":[872,58,59,1011,27,873,973],"class_list":{"0":"post-599515","1":"post","2":"type-post","3":"status-publish","4":"format-standard","5":"has-post-thumbnail","7":"category-people","8":"tag-culture-et-loisirs","9":"tag-divertissement","10":"tag-entertainment","11":"tag-fr","12":"tag-france","13":"tag-musique","14":"tag-people"},"share_on_mastodon":{"url":"https:\/\/pubeurope.com\/@fr\/115720154362541846","error":""},"_links":{"self":[{"href":"https:\/\/www.europesays.com\/fr\/wp-json\/wp\/v2\/posts\/599515","targetHints":{"allow":["GET"]}}],"collection":[{"href":"https:\/\/www.europesays.com\/fr\/wp-json\/wp\/v2\/posts"}],"about":[{"href":"https:\/\/www.europesays.com\/fr\/wp-json\/wp\/v2\/types\/post"}],"author":[{"embeddable":true,"href":"https:\/\/www.europesays.com\/fr\/wp-json\/wp\/v2\/users\/2"}],"replies":[{"embeddable":true,"href":"https:\/\/www.europesays.com\/fr\/wp-json\/wp\/v2\/comments?post=599515"}],"version-history":[{"count":0,"href":"https:\/\/www.europesays.com\/fr\/wp-json\/wp\/v2\/posts\/599515\/revisions"}],"wp:featuredmedia":[{"embeddable":true,"href":"https:\/\/www.europesays.com\/fr\/wp-json\/wp\/v2\/media\/599516"}],"wp:attachment":[{"href":"https:\/\/www.europesays.com\/fr\/wp-json\/wp\/v2\/media?parent=599515"}],"wp:term":[{"taxonomy":"category","embeddable":true,"href":"https:\/\/www.europesays.com\/fr\/wp-json\/wp\/v2\/categories?post=599515"},{"taxonomy":"post_tag","embeddable":true,"href":"https:\/\/www.europesays.com\/fr\/wp-json\/wp\/v2\/tags?post=599515"}],"curies":[{"name":"wp","href":"https:\/\/api.w.org\/{rel}","templated":true}]}}